{"id":5550,"date":"2016-08-26T11:47:42","date_gmt":"2016-08-26T14:47:42","guid":{"rendered":"https:\/\/blogs.correiobraziliense.com.br\/cbpoder\/?p=5550"},"modified":"2016-08-26T11:48:26","modified_gmt":"2016-08-26T14:48:26","slug":"servidor-do-gdf-tera-licenca-paternidade-ampliada","status":"publish","type":"post","link":"https:\/\/blogs.correiobraziliense.com.br\/cbpoder\/servidor-do-gdf-tera-licenca-paternidade-ampliada\/","title":{"rendered":"Servidor do GDF ter\u00e1 licen\u00e7a-paternidade ampliada"},"content":{"rendered":"<p>Em meio a tantas pol\u00eamicas salariais com servidores p\u00fablicos, o governador Rodrigo Rollemberg (PSB) deve anunciar nos pr\u00f3ximos dias a amplia\u00e7\u00e3o da licen\u00e7a-paternidade para servidores do GDF. Vale tamb\u00e9m para casos de ado\u00e7\u00e3o. O funcion\u00e1rio p\u00fablico poder\u00e1 poder\u00e1 ficar fora do trabalho 30 dias al\u00e9m dos sete a que j\u00e1 tem direito. A ideia partiu da secret\u00e1ria de Planejamento, Or\u00e7amento e Gest\u00e3o, Leany Lemos. Para entrar em vigor, precisa apenas de um decreto do governador.<\/p>\n","protected":false},"excerpt":{"rendered":"<p>Em meio a tantas pol\u00eamicas salariais com servidores p\u00fablicos, o governador Rodrigo Rollemberg (PSB) deve anunciar nos pr\u00f3ximos dias a amplia\u00e7\u00e3o da licen\u00e7a-paternidade para servidores do GDF. Vale tamb\u00e9m para casos de ado\u00e7\u00e3o. O funcion\u00e1rio p\u00fablico poder\u00e1 poder\u00e1 ficar fora do trabalho 30 dias al\u00e9m dos sete a que j\u00e1 tem direito. A ideia partiu da secret\u00e1ria de Planejamento, Or\u00e7amento [&hellip;]<\/p>\n","protected":false},"author":9,"featured_media":5551,"comment_status":"open","ping_status":"closed","sticky":false,"template":"","format":"standard","meta":{"footnotes":""},"categories":[234],"tags":[],"class_list":["post-5550","post","type-post","status-publish","format-standard","has-post-thumbnail","hentry","category-cb-poder"],"_links":{"self":[{"href":"https:\/\/blogs.correiobraziliense.com.br\/cbpoder\/wp-json\/wp\/v2\/posts\/5550","targetHints":{"allow":["GET"]}}],"collection":[{"href":"https:\/\/blogs.correiobraziliense.com.br\/cbpoder\/wp-json\/wp\/v2\/posts"}],"about":[{"href":"https:\/\/blogs.correiobraziliense.com.br\/cbpoder\/wp-json\/wp\/v2\/types\/post"}],"author":[{"embeddable":true,"href":"https:\/\/blogs.correiobraziliense.com.br\/cbpoder\/wp-json\/wp\/v2\/users\/9"}],"replies":[{"embeddable":true,"href":"https:\/\/blogs.correiobraziliense.com.br\/cbpoder\/wp-json\/wp\/v2\/comments?post=5550"}],"version-history":[{"count":1,"href":"https:\/\/blogs.correiobraziliense.com.br\/cbpoder\/wp-json\/wp\/v2\/posts\/5550\/revisions"}],"predecessor-version":[{"id":5552,"href":"https:\/\/blogs.correiobraziliense.com.br\/cbpoder\/wp-json\/wp\/v2\/posts\/5550\/revisions\/5552"}],"wp:featuredmedia":[{"embeddable":true,"href":"https:\/\/blogs.correiobraziliense.com.br\/cbpoder\/wp-json\/wp\/v2\/media\/5551"}],"wp:attachment":[{"href":"https:\/\/blogs.correiobraziliense.com.br\/cbpoder\/wp-json\/wp\/v2\/media?parent=5550"}],"wp:term":[{"taxonomy":"category","embeddable":true,"href":"https:\/\/blogs.correiobraziliense.com.br\/cbpoder\/wp-json\/wp\/v2\/categories?post=5550"},{"taxonomy":"post_tag","embeddable":true,"href":"https:\/\/blogs.correiobraziliense.com.br\/cbpoder\/wp-json\/wp\/v2\/tags?post=5550"}],"curies":[{"name":"wp","href":"https:\/\/api.w.org\/{rel}","templated":true}]}}