{"id":5546,"date":"2016-08-25T20:51:20","date_gmt":"2016-08-25T23:51:20","guid":{"rendered":"https:\/\/blogs.correiobraziliense.com.br\/cbpoder\/?p=5546"},"modified":"2016-08-25T20:51:20","modified_gmt":"2016-08-25T23:51:20","slug":"justica-obriga-cristiano-araujo-e-bispo-renato-prestarem-depoimento-na-caixa-de-pandora","status":"publish","type":"post","link":"https:\/\/blogs.correiobraziliense.com.br\/cbpoder\/justica-obriga-cristiano-araujo-e-bispo-renato-prestarem-depoimento-na-caixa-de-pandora\/","title":{"rendered":"Justi\u00e7a obriga Cristiano Ara\u00fajo e Bispo Renato a prestarem depoimento na Caixa de Pandora"},"content":{"rendered":"<p>A Justi\u00e7a obrigou os deputados Cristiano Ara\u00fajo (PSD) e Bispo Renato (PR) a prestarem depoimento em 22 de setembro na 2\u00aa Vara de Fazenda P\u00fablica do DF em processo da Opera\u00e7\u00e3o Caixa de Pandora, sob pena de serem conduzidos coercitivamente.<\/p>\n<p>&nbsp;<\/p>\n<p>A decis\u00e3o foi tomada porque os dois distritais, arrolados como testemunha de defesa do ex-chefe da Casa Civil Jos\u00e9 Geraldo Maciel, t\u00eam se recusado a comparecer.\u00a0Por serem\u00a0deputados, eles podem marcar a data para comparecer. Mas n\u00e3o podem usar essa prerrogativa para atrasar o andamento do processo.<\/p>\n<p>&nbsp;<\/p>\n<p>Maciel \u00e9 alvo de sete a\u00e7\u00f5es de improbidade administrativa que tramitam na 2\u00aa Vara de Fazenda P\u00fablica e 10 penais na 7\u00aa Vara Criminal de Bras\u00edlia, por envolvimento nas den\u00fancias de pagamento de parlamentares da base aliada do ent\u00e3o governador Jos\u00e9 Roberto Arruda, entre 2007 e 2009.\u00a0As a\u00e7\u00f5es foram ajuizadas pelos promotores de Justi\u00e7a do Gaeco (Grupo de Atua\u00e7\u00e3o Especial de Combate \u00e0s Organiza\u00e7\u00f5es Criminosas).<\/p>\n<p>&nbsp;<\/p>\n","protected":false},"excerpt":{"rendered":"<p>A Justi\u00e7a obrigou os deputados Cristiano Ara\u00fajo (PSD) e Bispo Renato (PR) a prestarem depoimento em 22 de setembro na 2\u00aa Vara de Fazenda P\u00fablica do DF em processo da Opera\u00e7\u00e3o Caixa de Pandora, sob pena de serem conduzidos coercitivamente. &nbsp; A decis\u00e3o foi tomada porque os dois distritais, arrolados como testemunha de defesa do ex-chefe da Casa Civil Jos\u00e9 [&hellip;]<\/p>\n","protected":false},"author":9,"featured_media":5548,"comment_status":"open","ping_status":"closed","sticky":false,"template":"","format":"standard","meta":{"footnotes":""},"categories":[234],"tags":[],"class_list":["post-5546","post","type-post","status-publish","format-standard","has-post-thumbnail","hentry","category-cb-poder"],"_links":{"self":[{"href":"https:\/\/blogs.correiobraziliense.com.br\/cbpoder\/wp-json\/wp\/v2\/posts\/5546","targetHints":{"allow":["GET"]}}],"collection":[{"href":"https:\/\/blogs.correiobraziliense.com.br\/cbpoder\/wp-json\/wp\/v2\/posts"}],"about":[{"href":"https:\/\/blogs.correiobraziliense.com.br\/cbpoder\/wp-json\/wp\/v2\/types\/post"}],"author":[{"embeddable":true,"href":"https:\/\/blogs.correiobraziliense.com.br\/cbpoder\/wp-json\/wp\/v2\/users\/9"}],"replies":[{"embeddable":true,"href":"https:\/\/blogs.correiobraziliense.com.br\/cbpoder\/wp-json\/wp\/v2\/comments?post=5546"}],"version-history":[{"count":2,"href":"https:\/\/blogs.correiobraziliense.com.br\/cbpoder\/wp-json\/wp\/v2\/posts\/5546\/revisions"}],"predecessor-version":[{"id":5549,"href":"https:\/\/blogs.correiobraziliense.com.br\/cbpoder\/wp-json\/wp\/v2\/posts\/5546\/revisions\/5549"}],"wp:featuredmedia":[{"embeddable":true,"href":"https:\/\/blogs.correiobraziliense.com.br\/cbpoder\/wp-json\/wp\/v2\/media\/5548"}],"wp:attachment":[{"href":"https:\/\/blogs.correiobraziliense.com.br\/cbpoder\/wp-json\/wp\/v2\/media?parent=5546"}],"wp:term":[{"taxonomy":"category","embeddable":true,"href":"https:\/\/blogs.correiobraziliense.com.br\/cbpoder\/wp-json\/wp\/v2\/categories?post=5546"},{"taxonomy":"post_tag","embeddable":true,"href":"https:\/\/blogs.correiobraziliense.com.br\/cbpoder\/wp-json\/wp\/v2\/tags?post=5546"}],"curies":[{"name":"wp","href":"https:\/\/api.w.org\/{rel}","templated":true}]}}