{"id":5540,"date":"2016-08-25T14:53:04","date_gmt":"2016-08-25T17:53:04","guid":{"rendered":"https:\/\/blogs.correiobraziliense.com.br\/cbpoder\/?p=5540"},"modified":"2016-10-19T19:39:29","modified_gmt":"2016-10-19T21:39:29","slug":"sindicato-pede-afastamento-de-secretarios-da-mesa-diretora","status":"publish","type":"post","link":"https:\/\/blogs.correiobraziliense.com.br\/cbpoder\/sindicato-pede-afastamento-de-secretarios-da-mesa-diretora\/","title":{"rendered":"Sindicato pede afastamento de secret\u00e1rios da Mesa Diretora"},"content":{"rendered":"<p><strong>Ana Viriato<\/strong><\/p>\n<p>O Sindicato dos Servidores do Poder Legislativo e do Tribunal de Contas do Distrito Federal (Sindical) protocolar\u00e1, na tarde desta quinta-feira (25\/8), junto ao Minist\u00e9rio P\u00fablico do Distrito Federal e Territ\u00f3rios (MPDFT), um pedido de afastamento cautelar dos secret\u00e1rios da Mesa Diretora da C\u00e2mara Legislativa.<\/p>\n<p>&nbsp;<br \/>\nO of\u00edcio refere-se a Jos\u00e9 Wilson Porto, secret\u00e1rio-geral da presid\u00eancia, ligado a\u00a0Celina Le\u00e3o; \u00a0Leila Barreto, secret\u00e1ria-executiva da 1\u00aa Secretaria, ligada a Raimundo Ribeiro (PSDB); a Rusembergue Barbosa de Almeida, secret\u00e1rio-executivo da 2\u00aa Secretaria, ligado a J\u00falio C\u00e9sar (PRB); e a Alexandre Braga Cerqueira, da 3\u00aa Secretaria, ligado ao Bispo Renato (PR).<\/p>\n<p>&nbsp;<br \/>\nO presidente do sindicato, Jezon Silv\u00e9rio, afirmou que, enquanto os secret\u00e1rios continuarem em \u00e1reas de atua\u00e7\u00e3o da CLDF, o efeito da decis\u00e3o judicial que afastou os membros da diretoria da Casa permanecer\u00e1 ineficaz. Segundo o representante da entidade, os parlamentares delegam as compet\u00eancias aos assessores. Dessa forma, ainda que indiretamente, desobedecem \u00e0 ordem da Justi\u00e7a e podem atrapalhar as investiga\u00e7\u00f5es da Opera\u00e7\u00e3o Dr\u00e1con. \u201cOs secret\u00e1rios\u00a0t\u00eam poder pol\u00edtico na C\u00e2mara. Al\u00e9m disso, comandam tamb\u00e9m quest\u00f5es financeiras e t\u00e9cnicas da c\u00fapula\u201d, declarou.<\/p>\n<p>&nbsp;<\/p>\n","protected":false},"excerpt":{"rendered":"<p>Ana Viriato O Sindicato dos Servidores do Poder Legislativo e do Tribunal de Contas do Distrito Federal (Sindical) protocolar\u00e1, na tarde desta quinta-feira (25\/8), junto ao Minist\u00e9rio P\u00fablico do Distrito Federal e Territ\u00f3rios (MPDFT), um pedido de afastamento cautelar dos secret\u00e1rios da Mesa Diretora da C\u00e2mara Legislativa. &nbsp; O of\u00edcio refere-se a Jos\u00e9 Wilson Porto, secret\u00e1rio-geral da presid\u00eancia, ligado a\u00a0Celina [&hellip;]<\/p>\n","protected":false},"author":9,"featured_media":0,"comment_status":"open","ping_status":"open","sticky":false,"template":"","format":"standard","meta":{"footnotes":""},"categories":[234],"tags":[],"class_list":["post-5540","post","type-post","status-publish","format-standard","hentry","category-cb-poder"],"_links":{"self":[{"href":"https:\/\/blogs.correiobraziliense.com.br\/cbpoder\/wp-json\/wp\/v2\/posts\/5540","targetHints":{"allow":["GET"]}}],"collection":[{"href":"https:\/\/blogs.correiobraziliense.com.br\/cbpoder\/wp-json\/wp\/v2\/posts"}],"about":[{"href":"https:\/\/blogs.correiobraziliense.com.br\/cbpoder\/wp-json\/wp\/v2\/types\/post"}],"author":[{"embeddable":true,"href":"https:\/\/blogs.correiobraziliense.com.br\/cbpoder\/wp-json\/wp\/v2\/users\/9"}],"replies":[{"embeddable":true,"href":"https:\/\/blogs.correiobraziliense.com.br\/cbpoder\/wp-json\/wp\/v2\/comments?post=5540"}],"version-history":[{"count":2,"href":"https:\/\/blogs.correiobraziliense.com.br\/cbpoder\/wp-json\/wp\/v2\/posts\/5540\/revisions"}],"predecessor-version":[{"id":5542,"href":"https:\/\/blogs.correiobraziliense.com.br\/cbpoder\/wp-json\/wp\/v2\/posts\/5540\/revisions\/5542"}],"wp:attachment":[{"href":"https:\/\/blogs.correiobraziliense.com.br\/cbpoder\/wp-json\/wp\/v2\/media?parent=5540"}],"wp:term":[{"taxonomy":"category","embeddable":true,"href":"https:\/\/blogs.correiobraziliense.com.br\/cbpoder\/wp-json\/wp\/v2\/categories?post=5540"},{"taxonomy":"post_tag","embeddable":true,"href":"https:\/\/blogs.correiobraziliense.com.br\/cbpoder\/wp-json\/wp\/v2\/tags?post=5540"}],"curies":[{"name":"wp","href":"https:\/\/api.w.org\/{rel}","templated":true}]}}