{"id":5532,"date":"2016-08-25T10:54:43","date_gmt":"2016-08-25T13:54:43","guid":{"rendered":"https:\/\/blogs.correiobraziliense.com.br\/cbpoder\/?p=5532"},"modified":"2016-10-19T19:39:30","modified_gmt":"2016-10-19T21:39:30","slug":"entidades-pedem-cassacao-do-mandato-dos-deputados-envolvidos-em-escandalo","status":"publish","type":"post","link":"https:\/\/blogs.correiobraziliense.com.br\/cbpoder\/entidades-pedem-cassacao-do-mandato-dos-deputados-envolvidos-em-escandalo\/","title":{"rendered":"Entidades pedem cassa\u00e7\u00e3o do mandato dos deputados envolvidos em esc\u00e2ndalo"},"content":{"rendered":"<p><strong>Ana Viriato<\/strong><\/p>\n<p>Membros da Uni\u00e3o dos Auditores Federais de Controle Externo do Tribunal de Contas da Uni\u00e3o\u00a0 (Auditar),\u00a0 do Observat\u00f3rio Social de Bras\u00edlia e do Instituto de Fiscaliza\u00e7\u00e3o e Controle protocolaram, na manh\u00e3 desta quinta-feira (25\/8), pedidos de cassa\u00e7\u00e3o contra os parlamentares envolvidos no suposto esquema de libera\u00e7\u00e3o de recursos para UTIs mediante a cobran\u00e7a de propina de empres\u00e1rios do setor.<\/p>\n<p>&nbsp;<\/p>\n<p>Os alvos s\u00e3o os integrantes da mesa diretora, temporariamente afastados pela Justi\u00e7a: Celina Le\u00e3o\u00a0 (PPS);\u00a0 Raimundo Ribeiro (PPS); J\u00falio C\u00e9sar (PRB) e Bispo Renato Andrade (PR); al\u00e9m do deputado e participante da CPI da Sa\u00fade, Cristiano Ara\u00fajo (PSD).<\/p>\n<p>&nbsp;<\/p>\n<p>O presidente\u00a0da Auditar, Paulo Martins, explicou que o pedido de abertura de processos abarca acusa\u00e7\u00f5es de pr\u00e1tica de corrup\u00e7\u00e3o, pr\u00e1tica de empreguismo e falsidade em documentos. Destacou, ainda, que devido \u00e0 gravidade das informa\u00e7\u00f5es divulgadas para a sociedade, \u00e9 necess\u00e1ria uma apura\u00e7\u00e3o. &#8220;As evid\u00eancias de pr\u00e1tica de crime e ferimento do C\u00f3digo de \u00c9tica s\u00e3o fortes&#8221;, defendeu.<\/p>\n","protected":false},"excerpt":{"rendered":"<p>Ana Viriato Membros da Uni\u00e3o dos Auditores Federais de Controle Externo do Tribunal de Contas da Uni\u00e3o\u00a0 (Auditar),\u00a0 do Observat\u00f3rio Social de Bras\u00edlia e do Instituto de Fiscaliza\u00e7\u00e3o e Controle protocolaram, na manh\u00e3 desta quinta-feira (25\/8), pedidos de cassa\u00e7\u00e3o contra os parlamentares envolvidos no suposto esquema de libera\u00e7\u00e3o de recursos para UTIs mediante a cobran\u00e7a de propina de empres\u00e1rios do [&hellip;]<\/p>\n","protected":false},"author":9,"featured_media":5534,"comment_status":"open","ping_status":"open","sticky":false,"template":"","format":"standard","meta":{"footnotes":""},"categories":[234],"tags":[],"class_list":["post-5532","post","type-post","status-publish","format-standard","has-post-thumbnail","hentry","category-cb-poder"],"_links":{"self":[{"href":"https:\/\/blogs.correiobraziliense.com.br\/cbpoder\/wp-json\/wp\/v2\/posts\/5532","targetHints":{"allow":["GET"]}}],"collection":[{"href":"https:\/\/blogs.correiobraziliense.com.br\/cbpoder\/wp-json\/wp\/v2\/posts"}],"about":[{"href":"https:\/\/blogs.correiobraziliense.com.br\/cbpoder\/wp-json\/wp\/v2\/types\/post"}],"author":[{"embeddable":true,"href":"https:\/\/blogs.correiobraziliense.com.br\/cbpoder\/wp-json\/wp\/v2\/users\/9"}],"replies":[{"embeddable":true,"href":"https:\/\/blogs.correiobraziliense.com.br\/cbpoder\/wp-json\/wp\/v2\/comments?post=5532"}],"version-history":[{"count":2,"href":"https:\/\/blogs.correiobraziliense.com.br\/cbpoder\/wp-json\/wp\/v2\/posts\/5532\/revisions"}],"predecessor-version":[{"id":5539,"href":"https:\/\/blogs.correiobraziliense.com.br\/cbpoder\/wp-json\/wp\/v2\/posts\/5532\/revisions\/5539"}],"wp:featuredmedia":[{"embeddable":true,"href":"https:\/\/blogs.correiobraziliense.com.br\/cbpoder\/wp-json\/wp\/v2\/media\/5534"}],"wp:attachment":[{"href":"https:\/\/blogs.correiobraziliense.com.br\/cbpoder\/wp-json\/wp\/v2\/media?parent=5532"}],"wp:term":[{"taxonomy":"category","embeddable":true,"href":"https:\/\/blogs.correiobraziliense.com.br\/cbpoder\/wp-json\/wp\/v2\/categories?post=5532"},{"taxonomy":"post_tag","embeddable":true,"href":"https:\/\/blogs.correiobraziliense.com.br\/cbpoder\/wp-json\/wp\/v2\/tags?post=5532"}],"curies":[{"name":"wp","href":"https:\/\/api.w.org\/{rel}","templated":true}]}}