{"id":5528,"date":"2016-08-25T08:38:01","date_gmt":"2016-08-25T11:38:01","guid":{"rendered":"https:\/\/blogs.correiobraziliense.com.br\/cbpoder\/?p=5528"},"modified":"2016-08-25T10:59:49","modified_gmt":"2016-08-25T13:59:49","slug":"operacao-dracon-mp-faz-busca-em-empresa-de-uti","status":"publish","type":"post","link":"https:\/\/blogs.correiobraziliense.com.br\/cbpoder\/operacao-dracon-mp-faz-busca-em-empresa-de-uti\/","title":{"rendered":"Opera\u00e7\u00e3o Dr\u00e1con: MP faz busca em empresa de UTI"},"content":{"rendered":"<p>Na sequ\u00eancia da Opera\u00e7\u00e3o Dr\u00e1con, promotores do Grupo de Atua\u00e7\u00e3o Especial de Combate \u00e0s Organiza\u00e7\u00f5es Criminosas (Gaeco) de Goi\u00e1s cumprem nesta manh\u00e3 (25) a\u00e7\u00e3o de busca e apreens\u00e3o na empresa Intensicare, em Goi\u00e2nia.<\/p>\n<p>&nbsp;<\/p>\n<p>A empresa \u00e9 investigada no esc\u00e2ndalo da UTIGates como benefici\u00e1ria da emenda parlamentar da Mesa Diretora da C\u00e2mara Legislativa, que transferiu R$ 30 milh\u00f5es, originalmente destinados ao or\u00e7amento da Casa, para o pagamento de d\u00edvidas de exerc\u00edcios anteriores da Secretaria de Sa\u00fade.<\/p>\n<p>&nbsp;<\/p>\n<p>A busca e apreens\u00e3o foi autorizada pelo desembargador Humberto Ulhoa, vice-presidente do Tribunal de Justi\u00e7a do DF, na mesma decis\u00e3o do \u00faltimo fim de semana, na Opera\u00e7\u00e3o Dr\u00e1con, em que foram determinados os afastamentos de quatro membros da Mesa Diretora, inclusive a presidente, Celina Le\u00e3o. Na mesma decis\u00e3o, o magistrado autorizou a busca e apreens\u00e3o nos gabinetes e endere\u00e7os de Celina, Bispo Renato (PR), Raimundo Ribeiro (PPS), J\u00falio C\u00e9sar (PRB) e Cristiano Ara\u00fajo. Eles tamb\u00e9m prestaram depoimento aos promotores do Gaeco de Bras\u00edlia e aos policiais da Delegacia de Combate aos Crimes contra a Administra\u00e7\u00e3o P\u00fablica (Decap).<\/p>\n<p>&nbsp;<\/p>\n<p>A Opera\u00e7\u00e3o Dr\u00e1con \u00e9 comandada pela Procuradoria-geral de Justi\u00e7a do DF.<\/p>\n","protected":false},"excerpt":{"rendered":"<p>Na sequ\u00eancia da Opera\u00e7\u00e3o Dr\u00e1con, promotores do Grupo de Atua\u00e7\u00e3o Especial de Combate \u00e0s Organiza\u00e7\u00f5es Criminosas (Gaeco) de Goi\u00e1s cumprem nesta manh\u00e3 (25) a\u00e7\u00e3o de busca e apreens\u00e3o na empresa Intensicare, em Goi\u00e2nia. &nbsp; A empresa \u00e9 investigada no esc\u00e2ndalo da UTIGates como benefici\u00e1ria da emenda parlamentar da Mesa Diretora da C\u00e2mara Legislativa, que transferiu R$ 30 milh\u00f5es, originalmente destinados [&hellip;]<\/p>\n","protected":false},"author":9,"featured_media":5529,"comment_status":"open","ping_status":"closed","sticky":false,"template":"","format":"standard","meta":{"footnotes":""},"categories":[234],"tags":[],"class_list":["post-5528","post","type-post","status-publish","format-standard","has-post-thumbnail","hentry","category-cb-poder"],"_links":{"self":[{"href":"https:\/\/blogs.correiobraziliense.com.br\/cbpoder\/wp-json\/wp\/v2\/posts\/5528","targetHints":{"allow":["GET"]}}],"collection":[{"href":"https:\/\/blogs.correiobraziliense.com.br\/cbpoder\/wp-json\/wp\/v2\/posts"}],"about":[{"href":"https:\/\/blogs.correiobraziliense.com.br\/cbpoder\/wp-json\/wp\/v2\/types\/post"}],"author":[{"embeddable":true,"href":"https:\/\/blogs.correiobraziliense.com.br\/cbpoder\/wp-json\/wp\/v2\/users\/9"}],"replies":[{"embeddable":true,"href":"https:\/\/blogs.correiobraziliense.com.br\/cbpoder\/wp-json\/wp\/v2\/comments?post=5528"}],"version-history":[{"count":2,"href":"https:\/\/blogs.correiobraziliense.com.br\/cbpoder\/wp-json\/wp\/v2\/posts\/5528\/revisions"}],"predecessor-version":[{"id":5535,"href":"https:\/\/blogs.correiobraziliense.com.br\/cbpoder\/wp-json\/wp\/v2\/posts\/5528\/revisions\/5535"}],"wp:featuredmedia":[{"embeddable":true,"href":"https:\/\/blogs.correiobraziliense.com.br\/cbpoder\/wp-json\/wp\/v2\/media\/5529"}],"wp:attachment":[{"href":"https:\/\/blogs.correiobraziliense.com.br\/cbpoder\/wp-json\/wp\/v2\/media?parent=5528"}],"wp:term":[{"taxonomy":"category","embeddable":true,"href":"https:\/\/blogs.correiobraziliense.com.br\/cbpoder\/wp-json\/wp\/v2\/categories?post=5528"},{"taxonomy":"post_tag","embeddable":true,"href":"https:\/\/blogs.correiobraziliense.com.br\/cbpoder\/wp-json\/wp\/v2\/tags?post=5528"}],"curies":[{"name":"wp","href":"https:\/\/api.w.org\/{rel}","templated":true}]}}