{"id":5519,"date":"2016-08-24T15:16:31","date_gmt":"2016-08-24T18:16:31","guid":{"rendered":"https:\/\/blogs.correiobraziliense.com.br\/cbpoder\/?p=5519"},"modified":"2016-08-24T15:16:31","modified_gmt":"2016-08-24T18:16:31","slug":"governo-e-sindicatos-de-policiais-civis-reabrem-dialogo-e-nova-proposta-sera-apresentada","status":"publish","type":"post","link":"https:\/\/blogs.correiobraziliense.com.br\/cbpoder\/governo-e-sindicatos-de-policiais-civis-reabrem-dialogo-e-nova-proposta-sera-apresentada\/","title":{"rendered":"Governo e sindicatos de policiais civis reabrem di\u00e1logo e nova proposta ser\u00e1 apresentada"},"content":{"rendered":"<p>Depois de uma reuni\u00e3o no Minist\u00e9rio P\u00fablico do DF, governo e sindicatos de policiais civis reabriram o di\u00e1logo.<\/p>\n<p>O governo de Rodrigo Rollemberg anunciou que vai apresentar na pr\u00f3xima quarta-feira (31) uma nova proposta \u00e0 categoria. Por ora, os cargos comissionados n\u00e3o ser\u00e3o exonerados no Di\u00e1rio Oficial do DF.<\/p>\n<p>A reuni\u00e3o, que come\u00e7ou \u00e0s 11h30, no gabinete do procurador-geral de Justi\u00e7a do DF, Leonardo Bessa, contou com a participa\u00e7\u00e3o de v\u00e1rios integrantes do governo. Estavam l\u00e1 o chefe da Casa Civil, S\u00e9rgio Sampaio, a secret\u00e1ria de Planejamento, Leany Lemos, a procuradora-geral do DF, Paola Aires, e o secret\u00e1rio de Fazenda, Jo\u00e3o Fleury.<\/p>\n<p>A equipe de Rollemberg fez uma explana\u00e7\u00e3o sobre as dificuldades financeiras e os riscos de descumprimento da Lei de Responsabilidade Fiscal. Mesmo assim, o governo se disp\u00f5e a apresentar uma nova proposta e reabrir as negocia\u00e7\u00f5es.<\/p>\n<p>A Pol\u00edcia Civil estava representada pelo presidente do Sinpol-DF, Rodrigo Franco, o Ga\u00facho, e pelo vice-presidente do Sindicato dos Delegados de Pol\u00edcia Civil, Rodrigo Sampaio. O diretor-geral da Pol\u00edcia Civil, Eric Seba, tamb\u00e9m participou.<\/p>\n<p>Al\u00e9m de Leonardo Bessa, v\u00e1rios promotores acompanharam a discuss\u00e3o. O procurador Dem\u00f3stenes Tr\u00eas Albuquerque representou o Minist\u00e9rio P\u00fablico de Contas.<\/p>\n<p>Numa reuni\u00e3o na tarde de ontem (23), Bessa e o governador Rodrigo Rollemberg trataram do assunto. Foi o in\u00edcio dessa nova fase de discuss\u00f5es sobre a possibilidade de o GDF manter a paridade dos sal\u00e1rios de policiais civis aos dos policiais federais.<\/p>\n<p>O procurador-geral de Justi\u00e7a do DF se colocou \u00e0 disposi\u00e7\u00e3o para intermediar um acordo entre o governo e os sindicatos.<\/p>\n<p>Bessa e Rollemberg conversaram sobre a gravidade da crise na seguran\u00e7a p\u00fablica, com a entrega dos cargos de chefia de agentes e de delegados.<\/p>\n<p>Os sindicalistas agiram devem informar sobre o teor da reuni\u00e3o \u00e0 categoria em assembleias.<\/p>\n","protected":false},"excerpt":{"rendered":"<p>Depois de uma reuni\u00e3o no Minist\u00e9rio P\u00fablico do DF, governo e sindicatos de policiais civis reabriram o di\u00e1logo. O governo de Rodrigo Rollemberg anunciou que vai apresentar na pr\u00f3xima quarta-feira (31) uma nova proposta \u00e0 categoria. Por ora, os cargos comissionados n\u00e3o ser\u00e3o exonerados no Di\u00e1rio Oficial do DF. A reuni\u00e3o, que come\u00e7ou \u00e0s 11h30, no gabinete do procurador-geral de [&hellip;]<\/p>\n","protected":false},"author":9,"featured_media":5192,"comment_status":"open","ping_status":"closed","sticky":false,"template":"","format":"standard","meta":{"footnotes":""},"categories":[234],"tags":[],"class_list":["post-5519","post","type-post","status-publish","format-standard","has-post-thumbnail","hentry","category-cb-poder"],"_links":{"self":[{"href":"https:\/\/blogs.correiobraziliense.com.br\/cbpoder\/wp-json\/wp\/v2\/posts\/5519","targetHints":{"allow":["GET"]}}],"collection":[{"href":"https:\/\/blogs.correiobraziliense.com.br\/cbpoder\/wp-json\/wp\/v2\/posts"}],"about":[{"href":"https:\/\/blogs.correiobraziliense.com.br\/cbpoder\/wp-json\/wp\/v2\/types\/post"}],"author":[{"embeddable":true,"href":"https:\/\/blogs.correiobraziliense.com.br\/cbpoder\/wp-json\/wp\/v2\/users\/9"}],"replies":[{"embeddable":true,"href":"https:\/\/blogs.correiobraziliense.com.br\/cbpoder\/wp-json\/wp\/v2\/comments?post=5519"}],"version-history":[{"count":1,"href":"https:\/\/blogs.correiobraziliense.com.br\/cbpoder\/wp-json\/wp\/v2\/posts\/5519\/revisions"}],"predecessor-version":[{"id":5520,"href":"https:\/\/blogs.correiobraziliense.com.br\/cbpoder\/wp-json\/wp\/v2\/posts\/5519\/revisions\/5520"}],"wp:featuredmedia":[{"embeddable":true,"href":"https:\/\/blogs.correiobraziliense.com.br\/cbpoder\/wp-json\/wp\/v2\/media\/5192"}],"wp:attachment":[{"href":"https:\/\/blogs.correiobraziliense.com.br\/cbpoder\/wp-json\/wp\/v2\/media?parent=5519"}],"wp:term":[{"taxonomy":"category","embeddable":true,"href":"https:\/\/blogs.correiobraziliense.com.br\/cbpoder\/wp-json\/wp\/v2\/categories?post=5519"},{"taxonomy":"post_tag","embeddable":true,"href":"https:\/\/blogs.correiobraziliense.com.br\/cbpoder\/wp-json\/wp\/v2\/tags?post=5519"}],"curies":[{"name":"wp","href":"https:\/\/api.w.org\/{rel}","templated":true}]}}