{"id":5516,"date":"2016-08-24T12:12:00","date_gmt":"2016-08-24T15:12:00","guid":{"rendered":"https:\/\/blogs.correiobraziliense.com.br\/cbpoder\/?p=5516"},"modified":"2016-10-19T19:39:32","modified_gmt":"2016-10-19T21:39:32","slug":"cpi-tem-tumulto-entre-distritais-mas-aprova-convocacao-de-empresario-citado-em-grampos","status":"publish","type":"post","link":"https:\/\/blogs.correiobraziliense.com.br\/cbpoder\/cpi-tem-tumulto-entre-distritais-mas-aprova-convocacao-de-empresario-citado-em-grampos\/","title":{"rendered":"CPI tem tumulto entre distritais, mas aprova convoca\u00e7\u00e3o de empres\u00e1rio citado em grampos"},"content":{"rendered":"<p>&nbsp;<\/p>\n<p><strong>Ot\u00e1vio Augusto<\/strong><\/p>\n<p>Os deputados distritais da CPI da Sa\u00fade aprovaram a convoca\u00e7\u00e3o do empres\u00e1rio Afonso Assad, citado nos \u00e1udios investigados pelo MP. Segundo relatos de distritais, ele teria se recusado a pagar propina para obter a libera\u00e7\u00e3o de recursos p\u00fablicos.<\/p>\n<p>&nbsp;<\/p>\n<p>A primeira sess\u00e3o da CPI depois da Opera\u00e7\u00e3o Dr\u00e1con come\u00e7ou com tumulto. A presidente afastada da C\u00e2mara, Celina Le\u00e3o (PPS), esteve na reuni\u00e3o. No come\u00e7o, ela pediu que a sess\u00e3o fosse fechada.\u00a0Participam tamb\u00e9m os distritais Cristiano Ara\u00fajo (PSD) e Raimundo Ribeiro (PPS) &#8211; citados em suposto esquema de cobran\u00e7a de propina sobre cr\u00e9ditos or\u00e7ament\u00e1rios -, al\u00e9m de Wasny de Roure (PT) e Lira (PHS).<\/p>\n<p>&nbsp;<\/p>\n<p>Cristiano criticou as den\u00fancias de Liliane Roriz (PTB). &#8220;N\u00e3o se pode tomar como verdade o que uma deputada picareta est\u00e1 dizendo. Temos que parar de ver suspei\u00e7\u00e3o onde n\u00e3o h\u00e1&#8221;, protestou. Cristiano reclamou com Wasny sobre as cr\u00edticas e o comportamento na investiga\u00e7\u00e3o. &#8220;Tenho muita tranquilidade quanto a essas acusa\u00e7\u00f5es. Agora estamos focados em uma quest\u00e3o e deixando outras de lado, inclusive questionamentos\u00a0de governos anteriores&#8221;, rebateu.<\/p>\n<p>&nbsp;<\/p>\n<p>Wasny negou que tenha atacado colegas.\u00a0\u00a0&#8220;Nunca levantei qualquer acusa\u00e7\u00e3o a qualquer colega. Se eu fiz perguntas \u00e9 porque, em algum momento, houve cita\u00e7\u00e3o nos \u00e1udios ou no investiga\u00e7\u00e3o&#8221;, disse. Cristiano e Wasny ficaram bastante irritados. Houve bate-boca sobre a emenda da transfer\u00eancia dos R$ 30 milh\u00f5es para o pagamento das d\u00edvidas do governo com servi\u00e7os de UTI.\u00a0Celina deixou a sess\u00e3o com o argumento de que iria buscar documentos para protocolar na CPI.<\/p>\n<p>&nbsp;<\/p>\n<p>&nbsp;<\/p>\n","protected":false},"excerpt":{"rendered":"<p>&nbsp; Ot\u00e1vio Augusto Os deputados distritais da CPI da Sa\u00fade aprovaram a convoca\u00e7\u00e3o do empres\u00e1rio Afonso Assad, citado nos \u00e1udios investigados pelo MP. Segundo relatos de distritais, ele teria se recusado a pagar propina para obter a libera\u00e7\u00e3o de recursos p\u00fablicos. &nbsp; A primeira sess\u00e3o da CPI depois da Opera\u00e7\u00e3o Dr\u00e1con come\u00e7ou com tumulto. A presidente afastada da C\u00e2mara, Celina [&hellip;]<\/p>\n","protected":false},"author":9,"featured_media":5517,"comment_status":"open","ping_status":"open","sticky":false,"template":"","format":"standard","meta":{"footnotes":""},"categories":[234],"tags":[],"class_list":["post-5516","post","type-post","status-publish","format-standard","has-post-thumbnail","hentry","category-cb-poder"],"_links":{"self":[{"href":"https:\/\/blogs.correiobraziliense.com.br\/cbpoder\/wp-json\/wp\/v2\/posts\/5516","targetHints":{"allow":["GET"]}}],"collection":[{"href":"https:\/\/blogs.correiobraziliense.com.br\/cbpoder\/wp-json\/wp\/v2\/posts"}],"about":[{"href":"https:\/\/blogs.correiobraziliense.com.br\/cbpoder\/wp-json\/wp\/v2\/types\/post"}],"author":[{"embeddable":true,"href":"https:\/\/blogs.correiobraziliense.com.br\/cbpoder\/wp-json\/wp\/v2\/users\/9"}],"replies":[{"embeddable":true,"href":"https:\/\/blogs.correiobraziliense.com.br\/cbpoder\/wp-json\/wp\/v2\/comments?post=5516"}],"version-history":[{"count":1,"href":"https:\/\/blogs.correiobraziliense.com.br\/cbpoder\/wp-json\/wp\/v2\/posts\/5516\/revisions"}],"predecessor-version":[{"id":5518,"href":"https:\/\/blogs.correiobraziliense.com.br\/cbpoder\/wp-json\/wp\/v2\/posts\/5516\/revisions\/5518"}],"wp:featuredmedia":[{"embeddable":true,"href":"https:\/\/blogs.correiobraziliense.com.br\/cbpoder\/wp-json\/wp\/v2\/media\/5517"}],"wp:attachment":[{"href":"https:\/\/blogs.correiobraziliense.com.br\/cbpoder\/wp-json\/wp\/v2\/media?parent=5516"}],"wp:term":[{"taxonomy":"category","embeddable":true,"href":"https:\/\/blogs.correiobraziliense.com.br\/cbpoder\/wp-json\/wp\/v2\/categories?post=5516"},{"taxonomy":"post_tag","embeddable":true,"href":"https:\/\/blogs.correiobraziliense.com.br\/cbpoder\/wp-json\/wp\/v2\/tags?post=5516"}],"curies":[{"name":"wp","href":"https:\/\/api.w.org\/{rel}","templated":true}]}}