{"id":5513,"date":"2016-08-24T11:54:11","date_gmt":"2016-08-24T14:54:11","guid":{"rendered":"https:\/\/blogs.correiobraziliense.com.br\/cbpoder\/?p=5513"},"modified":"2016-10-19T19:39:35","modified_gmt":"2016-10-19T21:39:35","slug":"delegado-e-agentes-da-operacao-dracon-entregam-cargos-ao-governo-em-protesto","status":"publish","type":"post","link":"https:\/\/blogs.correiobraziliense.com.br\/cbpoder\/delegado-e-agentes-da-operacao-dracon-entregam-cargos-ao-governo-em-protesto\/","title":{"rendered":"Delegado e agentes da Opera\u00e7\u00e3o Dr\u00e1con entregam cargos ao governo em protesto"},"content":{"rendered":"<p>Ana Viriato<\/p>\n<p>O presidente do Sindicato dos Delegados de Pol\u00edcia Civil (Sindepo\/DF) concedeu, na manh\u00e3 desta quarta-feira (23), um balan\u00e7o sobre os cargos de chefia entregues ao Governo do Distrito Federal para exonera\u00e7\u00e3o. At\u00e9 o momento, 94% dos postos comissionados de delegados foram colocados \u00e0 disposi\u00e7\u00e3o do Buriti.\u00a0At\u00e9 mesmo os titulares das Delegacias de Combate ao Crime Organizado (Deco) e de Repress\u00e3o aos Crimes contra a Administra\u00e7\u00e3o P\u00fablica (Decap) pediram desligamento ontem, ap\u00f3s a deflagra\u00e7\u00e3o da Opera\u00e7\u00e3o Dr\u00e1con.<\/p>\n<p>&nbsp;<\/p>\n<p>No momento, os \u00fanicos ocupantes de cargos de chefia s\u00e3o os corregedores, assessores jur\u00eddicos, diretores adjuntos e ordenadores de despesas, como o diretor-geral da Pol\u00edcia Civil, Eric Seba.Os membros da PCDF garantem que s\u00f3 voltar\u00e3o ao trabalho\u00a0caso o governo \u00a0conceda a isonomia de reajuste salarial entre a Civil e a Pol\u00edcia Federal. A PF recebeu reajuste de 37%, em 29 de julho deste ano. A equipara\u00e7\u00e3o n\u00e3o \u00e9 garantida por lei, mas ocorre, como tradi\u00e7\u00e3o, h\u00e1 cerca de 30 anos.<\/p>\n<p>&nbsp;<\/p>\n<p>Segundo Rafael Sampaio, o acordo est\u00e1 travado, porque falta vontade pol\u00edtica por parte do governo para negociar &#8220;A primeira proposta foi feita apenas verbalmente. Falta sensibilidade do GDF para perceber a situa\u00e7\u00e3o em que trabalhamos, com falta de equipamento e efetivo, al\u00e9m da defasagem salarial&#8221;, comentou.<\/p>\n","protected":false},"excerpt":{"rendered":"<p>Ana Viriato O presidente do Sindicato dos Delegados de Pol\u00edcia Civil (Sindepo\/DF) concedeu, na manh\u00e3 desta quarta-feira (23), um balan\u00e7o sobre os cargos de chefia entregues ao Governo do Distrito Federal para exonera\u00e7\u00e3o. At\u00e9 o momento, 94% dos postos comissionados de delegados foram colocados \u00e0 disposi\u00e7\u00e3o do Buriti.\u00a0At\u00e9 mesmo os titulares das Delegacias de Combate ao Crime Organizado (Deco) e [&hellip;]<\/p>\n","protected":false},"author":9,"featured_media":5514,"comment_status":"open","ping_status":"open","sticky":false,"template":"","format":"standard","meta":{"footnotes":""},"categories":[234],"tags":[],"class_list":["post-5513","post","type-post","status-publish","format-standard","has-post-thumbnail","hentry","category-cb-poder"],"_links":{"self":[{"href":"https:\/\/blogs.correiobraziliense.com.br\/cbpoder\/wp-json\/wp\/v2\/posts\/5513","targetHints":{"allow":["GET"]}}],"collection":[{"href":"https:\/\/blogs.correiobraziliense.com.br\/cbpoder\/wp-json\/wp\/v2\/posts"}],"about":[{"href":"https:\/\/blogs.correiobraziliense.com.br\/cbpoder\/wp-json\/wp\/v2\/types\/post"}],"author":[{"embeddable":true,"href":"https:\/\/blogs.correiobraziliense.com.br\/cbpoder\/wp-json\/wp\/v2\/users\/9"}],"replies":[{"embeddable":true,"href":"https:\/\/blogs.correiobraziliense.com.br\/cbpoder\/wp-json\/wp\/v2\/comments?post=5513"}],"version-history":[{"count":1,"href":"https:\/\/blogs.correiobraziliense.com.br\/cbpoder\/wp-json\/wp\/v2\/posts\/5513\/revisions"}],"predecessor-version":[{"id":5515,"href":"https:\/\/blogs.correiobraziliense.com.br\/cbpoder\/wp-json\/wp\/v2\/posts\/5513\/revisions\/5515"}],"wp:featuredmedia":[{"embeddable":true,"href":"https:\/\/blogs.correiobraziliense.com.br\/cbpoder\/wp-json\/wp\/v2\/media\/5514"}],"wp:attachment":[{"href":"https:\/\/blogs.correiobraziliense.com.br\/cbpoder\/wp-json\/wp\/v2\/media?parent=5513"}],"wp:term":[{"taxonomy":"category","embeddable":true,"href":"https:\/\/blogs.correiobraziliense.com.br\/cbpoder\/wp-json\/wp\/v2\/categories?post=5513"},{"taxonomy":"post_tag","embeddable":true,"href":"https:\/\/blogs.correiobraziliense.com.br\/cbpoder\/wp-json\/wp\/v2\/tags?post=5513"}],"curies":[{"name":"wp","href":"https:\/\/api.w.org\/{rel}","templated":true}]}}