{"id":5497,"date":"2016-08-23T19:36:51","date_gmt":"2016-08-23T22:36:51","guid":{"rendered":"https:\/\/blogs.correiobraziliense.com.br\/cbpoder\/?p=5497"},"modified":"2016-10-19T19:39:37","modified_gmt":"2016-10-19T21:39:37","slug":"celina-leao-volta-camara-legislativa-e-ataca-liliane-roriz-novamente-picareta","status":"publish","type":"post","link":"https:\/\/blogs.correiobraziliense.com.br\/cbpoder\/celina-leao-volta-camara-legislativa-e-ataca-liliane-roriz-novamente-picareta\/","title":{"rendered":"Celina Le\u00e3o volta \u00e0 C\u00e2mara Legislativa e ataca Liliane Roriz novamente: &#8220;picareta&#8221;"},"content":{"rendered":"<p><strong>Ana Viriato<\/strong><br \/>\nA presidente afastada da C\u00e2mara Legislativa, Celina Le\u00e3o, afirmou, na tarde desta ter\u00e7a-feira (23), em sess\u00e3o extraordin\u00e1ria da CLDF, ser v\u00edtima de um plano arquitetado por Liliane Roriz (PDT) e\u00a0pelo governador\u00a0Rodrigo Rollemberg (PSB) para desmoralizar a Casa. Ela subiu \u00e0 tribuna a fim de prestar esclarecimentos sobre os desdobramentos da opera\u00e7\u00e3o Dr\u00e1con, deflagrada na manh\u00e3 de hoje pela Pol\u00edcia Civil e pelo Minist\u00e9rio P\u00fablico do Distrito Federal e Territ\u00f3rios (MPDFT), al\u00e9m de rebater as acusa\u00e7\u00f5es do deputado distrital Chico Vigilante (PT). Durante a reuni\u00e3o, alegou, ainda, que os oposicionistas tentam antecipar o processo eleitoral de 2018.<\/p>\n<p>&nbsp;<br \/>\nA\u00a0deputada distrital voltou a ressaltar que a emenda para a sa\u00fade, respons\u00e1vel pelo terremoto que abalou as estruturas da mesa diretora, era de autoria de Liliane. Defendeu, ainda, que as grava\u00e7\u00f5es vazadas reuniam falas interligadas por contextos diferentes. A\u00a0presidente afastada ressaltou que ela e os integrantes da c\u00fapula entrariam com um recurso judicial para reverter a situa\u00e7\u00e3o.\u00a0Durante o discurso, adotou alguns alvos. Fez duras cr\u00edticas \u00e0 deputada Liliane e\u00a0chamou \u00a0a rival de &#8220;picareta&#8221;. Declarou ainda que &#8220;a fam\u00edlia Roriz chegou ao fundo do lixo&#8221;. Em rela\u00e7\u00e3o ao governo de Rodrigo Rollemberg, alegou que \u201co \u00faltimo mandato foi ruim, mas este \u00e9 uma trag\u00e9dia\u201d.<\/p>\n","protected":false},"excerpt":{"rendered":"<p>Ana Viriato A presidente afastada da C\u00e2mara Legislativa, Celina Le\u00e3o, afirmou, na tarde desta ter\u00e7a-feira (23), em sess\u00e3o extraordin\u00e1ria da CLDF, ser v\u00edtima de um plano arquitetado por Liliane Roriz (PDT) e\u00a0pelo governador\u00a0Rodrigo Rollemberg (PSB) para desmoralizar a Casa. Ela subiu \u00e0 tribuna a fim de prestar esclarecimentos sobre os desdobramentos da opera\u00e7\u00e3o Dr\u00e1con, deflagrada na manh\u00e3 de hoje pela [&hellip;]<\/p>\n","protected":false},"author":9,"featured_media":5499,"comment_status":"open","ping_status":"open","sticky":false,"template":"","format":"standard","meta":{"footnotes":""},"categories":[234],"tags":[],"class_list":["post-5497","post","type-post","status-publish","format-standard","has-post-thumbnail","hentry","category-cb-poder"],"_links":{"self":[{"href":"https:\/\/blogs.correiobraziliense.com.br\/cbpoder\/wp-json\/wp\/v2\/posts\/5497","targetHints":{"allow":["GET"]}}],"collection":[{"href":"https:\/\/blogs.correiobraziliense.com.br\/cbpoder\/wp-json\/wp\/v2\/posts"}],"about":[{"href":"https:\/\/blogs.correiobraziliense.com.br\/cbpoder\/wp-json\/wp\/v2\/types\/post"}],"author":[{"embeddable":true,"href":"https:\/\/blogs.correiobraziliense.com.br\/cbpoder\/wp-json\/wp\/v2\/users\/9"}],"replies":[{"embeddable":true,"href":"https:\/\/blogs.correiobraziliense.com.br\/cbpoder\/wp-json\/wp\/v2\/comments?post=5497"}],"version-history":[{"count":5,"href":"https:\/\/blogs.correiobraziliense.com.br\/cbpoder\/wp-json\/wp\/v2\/posts\/5497\/revisions"}],"predecessor-version":[{"id":5504,"href":"https:\/\/blogs.correiobraziliense.com.br\/cbpoder\/wp-json\/wp\/v2\/posts\/5497\/revisions\/5504"}],"wp:featuredmedia":[{"embeddable":true,"href":"https:\/\/blogs.correiobraziliense.com.br\/cbpoder\/wp-json\/wp\/v2\/media\/5499"}],"wp:attachment":[{"href":"https:\/\/blogs.correiobraziliense.com.br\/cbpoder\/wp-json\/wp\/v2\/media?parent=5497"}],"wp:term":[{"taxonomy":"category","embeddable":true,"href":"https:\/\/blogs.correiobraziliense.com.br\/cbpoder\/wp-json\/wp\/v2\/categories?post=5497"},{"taxonomy":"post_tag","embeddable":true,"href":"https:\/\/blogs.correiobraziliense.com.br\/cbpoder\/wp-json\/wp\/v2\/tags?post=5497"}],"curies":[{"name":"wp","href":"https:\/\/api.w.org\/{rel}","templated":true}]}}