{"id":5463,"date":"2016-08-23T09:06:22","date_gmt":"2016-08-23T12:06:22","guid":{"rendered":"https:\/\/blogs.correiobraziliense.com.br\/cbpoder\/?p=5463"},"modified":"2016-08-23T09:22:48","modified_gmt":"2016-08-23T12:22:48","slug":"juarezao-o-maranhao-da-camara-legislativa-assume-presidencia","status":"publish","type":"post","link":"https:\/\/blogs.correiobraziliense.com.br\/cbpoder\/juarezao-o-maranhao-da-camara-legislativa-assume-presidencia\/","title":{"rendered":"Juarez\u00e3o, o Maranh\u00e3o da C\u00e2mara Legislativa, assume presid\u00eancia"},"content":{"rendered":"<p>O deputado Juarez\u00e3o (PSB), eleito vice-presidente da C\u00e2mara Legislativa ontem (22), vai assumir o comando da Casa.<\/p>\n<p>Eleito deputado distrital em 2014 pelo PRTB de Luiz Estev\u00e3o, ele rompeu com o aliado de campanha e migrou para o PSB, partido do governador Rodrigo Rollemberg.<\/p>\n<p>Juarez\u00e3o assume por conta do afastamento de todos os membros da Mesa Diretora da C\u00e2mara Legislativa, determinada pelo desembargador Humberto Ulhoa, do Tribunal de Justi\u00e7a do DF.<\/p>\n<p>Para continuidade dos trabalhos, os secret\u00e1rios da Mesa Diretora afastados ser\u00e3o substitu\u00eddos pelos suplentes. No lugar do primeiro secret\u00e1rio Raimundo Ribeiro (PPS), assume Agaciel Maia (PR). O deputado Lira (PEN) fica na segunda secretaria com o afastamento de J\u00falio C\u00e9sar (PRB) e Rodrigo Delmasso (PTN) ser\u00e1 o terceiro secret\u00e1rio, substituindo Bispo Renato (PR).<\/p>\n<p>Pela decis\u00e3o do TJDFT, o afastamento dos membros da Mesa Diretora deve durar at\u00e9 o fim das investiga\u00e7\u00f5es da Procuradoria-geral de Justi\u00e7a do DF sobre a suposta cobran\u00e7a de propina para libera\u00e7\u00e3o de emenda parlamentar a empresa na \u00e1rea de sa\u00fade.<\/p>\n<p>Nos bastidores, Juarez\u00e3o, deputado em primeiro mandato e sem muita influ\u00eancia na Casa at\u00e9 agora, j\u00e1 \u00e9 est\u00e1 sendo chamado de Waldir Maranh\u00e3o (PP-MA) da C\u00e2mara Legislativa, numa refer\u00eancia ao parlamentar que assumiu o comando da C\u00e2mara dos Deputados com o afastamento de Eduardo Cunha (PMDB\/RJ) at\u00e9 a elei\u00e7\u00e3o de Rodrigo Maia (DEM-RJ).<\/p>\n<p>O novo presidente em exerc\u00edcio da C\u00e2mara Legislativa foi eleito ontem sem disputa.<\/p>\n<p>A nova composi\u00e7\u00e3o da Mesa Diretora \u00e9 majoritariamente aliada do governador Rodrigo Rollemberg, ao contr\u00e1rio da atual, formada por deputados advers\u00e1rios ao Executivo. \u00c9 o caso de Celina, Raimundo Ribeiro e Bispo Renato.<\/p>\n","protected":false},"excerpt":{"rendered":"<p>O deputado Juarez\u00e3o (PSB), eleito vice-presidente da C\u00e2mara Legislativa ontem (22), vai assumir o comando da Casa. Eleito deputado distrital em 2014 pelo PRTB de Luiz Estev\u00e3o, ele rompeu com o aliado de campanha e migrou para o PSB, partido do governador Rodrigo Rollemberg. Juarez\u00e3o assume por conta do afastamento de todos os membros da Mesa Diretora da C\u00e2mara Legislativa, [&hellip;]<\/p>\n","protected":false},"author":9,"featured_media":5464,"comment_status":"open","ping_status":"closed","sticky":false,"template":"","format":"standard","meta":{"footnotes":""},"categories":[234],"tags":[],"class_list":["post-5463","post","type-post","status-publish","format-standard","has-post-thumbnail","hentry","category-cb-poder"],"_links":{"self":[{"href":"https:\/\/blogs.correiobraziliense.com.br\/cbpoder\/wp-json\/wp\/v2\/posts\/5463","targetHints":{"allow":["GET"]}}],"collection":[{"href":"https:\/\/blogs.correiobraziliense.com.br\/cbpoder\/wp-json\/wp\/v2\/posts"}],"about":[{"href":"https:\/\/blogs.correiobraziliense.com.br\/cbpoder\/wp-json\/wp\/v2\/types\/post"}],"author":[{"embeddable":true,"href":"https:\/\/blogs.correiobraziliense.com.br\/cbpoder\/wp-json\/wp\/v2\/users\/9"}],"replies":[{"embeddable":true,"href":"https:\/\/blogs.correiobraziliense.com.br\/cbpoder\/wp-json\/wp\/v2\/comments?post=5463"}],"version-history":[{"count":3,"href":"https:\/\/blogs.correiobraziliense.com.br\/cbpoder\/wp-json\/wp\/v2\/posts\/5463\/revisions"}],"predecessor-version":[{"id":5467,"href":"https:\/\/blogs.correiobraziliense.com.br\/cbpoder\/wp-json\/wp\/v2\/posts\/5463\/revisions\/5467"}],"wp:featuredmedia":[{"embeddable":true,"href":"https:\/\/blogs.correiobraziliense.com.br\/cbpoder\/wp-json\/wp\/v2\/media\/5464"}],"wp:attachment":[{"href":"https:\/\/blogs.correiobraziliense.com.br\/cbpoder\/wp-json\/wp\/v2\/media?parent=5463"}],"wp:term":[{"taxonomy":"category","embeddable":true,"href":"https:\/\/blogs.correiobraziliense.com.br\/cbpoder\/wp-json\/wp\/v2\/categories?post=5463"},{"taxonomy":"post_tag","embeddable":true,"href":"https:\/\/blogs.correiobraziliense.com.br\/cbpoder\/wp-json\/wp\/v2\/tags?post=5463"}],"curies":[{"name":"wp","href":"https:\/\/api.w.org\/{rel}","templated":true}]}}