{"id":5457,"date":"2016-08-23T08:00:24","date_gmt":"2016-08-23T11:00:24","guid":{"rendered":"https:\/\/blogs.correiobraziliense.com.br\/cbpoder\/?p=5457"},"modified":"2016-08-23T09:33:56","modified_gmt":"2016-08-23T12:33:56","slug":"deputados-vao-prestar-depoimento-policia-civil","status":"publish","type":"post","link":"https:\/\/blogs.correiobraziliense.com.br\/cbpoder\/deputados-vao-prestar-depoimento-policia-civil\/","title":{"rendered":"Deputados v\u00e3o prestar depoimento na Pol\u00edcia Civil"},"content":{"rendered":"<p>A presidente afastada da C\u00e2mara Legislativa, Celina Le\u00e3o (PPS), e os deputados Cristiano Ara\u00fajo (PSD), Raimundo Ribeiro (PPS), Bispo Renato (PR) e J\u00falio C\u00e9sar (PRB) v\u00e3o prestar depoimento nesta manh\u00e3 na Delegacia de Combate aos Crimes contra a Administra\u00e7\u00e3o P\u00fablica (Decap).<\/p>\n<p>Os depoimentos est\u00e3o sendo colhidos por promotores de Justi\u00e7a, a pedido da Procuradoria-geral de Justi\u00e7a do DF.<\/p>\n<p>Tamb\u00e9m dever\u00e3o prestar depoimento o servidor da C\u00e2mara Alexandre Braga Cerqueira, membro da Mesinha, o ex-secret\u00e1rio-geral da Mesa Diretora Val\u00e9rio Neves Campos e o ex-presidente do Fundo de Sa\u00fade Ricardo Cardoso dos Santos.<\/p>\n<p>At\u00e9 o momento, no entanto, Val\u00e9rio Neves n\u00e3o foi encontrado pelos policiais civis e promotores de Justi\u00e7a que cumprem os mandados de condu\u00e7\u00e3o coercitiva e busca e apreens\u00e3o na Opera\u00e7\u00e3o Dracon, autorizada pelo Tribunal de Justi\u00e7a do DF,<\/p>\n<p>Eles ter\u00e3o de esclarecer o envolvimento nas suspeitas de cobran\u00e7a de propina para aprova\u00e7\u00e3o de emenda parlamentar para libera\u00e7\u00e3o de pagamentos a empresa na \u00e1rea de sa\u00fade. A suspeita surgiu com base em conversas gravadas pela deputada Liliane Roriz.<\/p>\n","protected":false},"excerpt":{"rendered":"<p>A presidente afastada da C\u00e2mara Legislativa, Celina Le\u00e3o (PPS), e os deputados Cristiano Ara\u00fajo (PSD), Raimundo Ribeiro (PPS), Bispo Renato (PR) e J\u00falio C\u00e9sar (PRB) v\u00e3o prestar depoimento nesta manh\u00e3 na Delegacia de Combate aos Crimes contra a Administra\u00e7\u00e3o P\u00fablica (Decap). Os depoimentos est\u00e3o sendo colhidos por promotores de Justi\u00e7a, a pedido da Procuradoria-geral de Justi\u00e7a do DF. Tamb\u00e9m dever\u00e3o [&hellip;]<\/p>\n","protected":false},"author":9,"featured_media":5459,"comment_status":"open","ping_status":"closed","sticky":false,"template":"","format":"standard","meta":{"footnotes":""},"categories":[234],"tags":[],"class_list":["post-5457","post","type-post","status-publish","format-standard","has-post-thumbnail","hentry","category-cb-poder"],"_links":{"self":[{"href":"https:\/\/blogs.correiobraziliense.com.br\/cbpoder\/wp-json\/wp\/v2\/posts\/5457","targetHints":{"allow":["GET"]}}],"collection":[{"href":"https:\/\/blogs.correiobraziliense.com.br\/cbpoder\/wp-json\/wp\/v2\/posts"}],"about":[{"href":"https:\/\/blogs.correiobraziliense.com.br\/cbpoder\/wp-json\/wp\/v2\/types\/post"}],"author":[{"embeddable":true,"href":"https:\/\/blogs.correiobraziliense.com.br\/cbpoder\/wp-json\/wp\/v2\/users\/9"}],"replies":[{"embeddable":true,"href":"https:\/\/blogs.correiobraziliense.com.br\/cbpoder\/wp-json\/wp\/v2\/comments?post=5457"}],"version-history":[{"count":5,"href":"https:\/\/blogs.correiobraziliense.com.br\/cbpoder\/wp-json\/wp\/v2\/posts\/5457\/revisions"}],"predecessor-version":[{"id":5468,"href":"https:\/\/blogs.correiobraziliense.com.br\/cbpoder\/wp-json\/wp\/v2\/posts\/5457\/revisions\/5468"}],"wp:featuredmedia":[{"embeddable":true,"href":"https:\/\/blogs.correiobraziliense.com.br\/cbpoder\/wp-json\/wp\/v2\/media\/5459"}],"wp:attachment":[{"href":"https:\/\/blogs.correiobraziliense.com.br\/cbpoder\/wp-json\/wp\/v2\/media?parent=5457"}],"wp:term":[{"taxonomy":"category","embeddable":true,"href":"https:\/\/blogs.correiobraziliense.com.br\/cbpoder\/wp-json\/wp\/v2\/categories?post=5457"},{"taxonomy":"post_tag","embeddable":true,"href":"https:\/\/blogs.correiobraziliense.com.br\/cbpoder\/wp-json\/wp\/v2\/tags?post=5457"}],"curies":[{"name":"wp","href":"https:\/\/api.w.org\/{rel}","templated":true}]}}