{"id":5451,"date":"2016-08-23T06:44:13","date_gmt":"2016-08-23T09:44:13","guid":{"rendered":"https:\/\/blogs.correiobraziliense.com.br\/cbpoder\/?p=5451"},"modified":"2016-08-23T06:52:28","modified_gmt":"2016-08-23T09:52:28","slug":"justica-afasta-celina-da-presidencia-e-buscas-na-camara-legislativa","status":"publish","type":"post","link":"https:\/\/blogs.correiobraziliense.com.br\/cbpoder\/justica-afasta-celina-da-presidencia-e-buscas-na-camara-legislativa\/","title":{"rendered":"Justi\u00e7a afasta Celina da presid\u00eancia e determina buscas na C\u00e2mara Legislativa"},"content":{"rendered":"<p>Policiais civis e promotores de Justi\u00e7a deflagraram nesta manh\u00e3 (23) a Opera\u00e7\u00e3o Dracon, de busca e apreens\u00e3o no gabinete da Presid\u00eancia da C\u00e2mara Legislativa e dos membros da Mesa Diretora.<\/p>\n<p>Tamb\u00e9m est\u00e3o sendo realizadas buscas nas casas da presidente da C\u00e2mara, Celina Le\u00e3o (PPS), e na dos deputados que integram a Mesa.<\/p>\n<p>A opera\u00e7\u00e3o \u00ea comandada pela Procuradoria-Geral de Justi\u00e7a do Distrito Federal e Territ\u00f3rios. O objetivo \u00e9 cumprir mandados de busca e apreens\u00e3o, mandados de condu\u00e7\u00e3o coercitiva e de afastamento cautelar.<\/p>\n<p>S\u00e3o alvo de busca as seguintes pessoas:<\/p>\n<p>1) Deputada Celina Le\u00e3o<br \/>\n2) Deputado Christianno Ara\u00fajo<br \/>\n3) Deputado Raimundo Ribeiro<br \/>\n4) Deputado Bispo Renato<br \/>\n5) Deputado J\u00falio C\u00e9sar<br \/>\n6) Servidor da CLDF Alexandre Braga Cerqueira<br \/>\n7) Ex-servidor da CLDF Val\u00e9rio Neves Campos<br \/>\n8) Ex-presidente do Fundo de Sa\u00fade do DF Ricardo Cardoso dos Santos.<\/p>\n<p>As medidas t\u00eam como objetivo buscar e apreender elementos de prova da pr\u00e1tica de crimes de corrup\u00e7\u00e3o ativa, passiva ou concuss\u00e3o, envolvendo o pagamento de propina a parlamentares da CLDF, em esquema criminoso de destina\u00e7\u00e3o de R$ 31 milh\u00f5es de reais de sobras or\u00e7ament\u00e1rias da CLDF do ano de 2015 \u00e0s empresas que prestam servi\u00e7os \u00e0 Secretaria de Sa\u00fade do DF.<\/p>\n<p>Os mandados foram expedidos pelo TJDFT, que tamb\u00e9m determinou o afastamento cautelar dos Deputados Celina Le\u00e3o, Christianno Ara\u00fajo, Raimundo Ribeiro e Bispo Renato dos cargos da MESA DIRETORA da CLDF, mantendo, por\u00e9m, o exerc\u00edcio das fun\u00e7\u00f5es de Deputado Distrital.<\/p>\n<p>Cr\u00e9dito da foto: Ed Alves<\/p>\n","protected":false},"excerpt":{"rendered":"<p>Policiais civis e promotores de Justi\u00e7a deflagraram nesta manh\u00e3 (23) a Opera\u00e7\u00e3o Dracon, de busca e apreens\u00e3o no gabinete da Presid\u00eancia da C\u00e2mara Legislativa e dos membros da Mesa Diretora. Tamb\u00e9m est\u00e3o sendo realizadas buscas nas casas da presidente da C\u00e2mara, Celina Le\u00e3o (PPS), e na dos deputados que integram a Mesa. A opera\u00e7\u00e3o \u00ea comandada pela Procuradoria-Geral de Justi\u00e7a [&hellip;]<\/p>\n","protected":false},"author":9,"featured_media":5452,"comment_status":"open","ping_status":"closed","sticky":false,"template":"","format":"standard","meta":{"footnotes":""},"categories":[234],"tags":[],"class_list":["post-5451","post","type-post","status-publish","format-standard","has-post-thumbnail","hentry","category-cb-poder"],"_links":{"self":[{"href":"https:\/\/blogs.correiobraziliense.com.br\/cbpoder\/wp-json\/wp\/v2\/posts\/5451","targetHints":{"allow":["GET"]}}],"collection":[{"href":"https:\/\/blogs.correiobraziliense.com.br\/cbpoder\/wp-json\/wp\/v2\/posts"}],"about":[{"href":"https:\/\/blogs.correiobraziliense.com.br\/cbpoder\/wp-json\/wp\/v2\/types\/post"}],"author":[{"embeddable":true,"href":"https:\/\/blogs.correiobraziliense.com.br\/cbpoder\/wp-json\/wp\/v2\/users\/9"}],"replies":[{"embeddable":true,"href":"https:\/\/blogs.correiobraziliense.com.br\/cbpoder\/wp-json\/wp\/v2\/comments?post=5451"}],"version-history":[{"count":4,"href":"https:\/\/blogs.correiobraziliense.com.br\/cbpoder\/wp-json\/wp\/v2\/posts\/5451\/revisions"}],"predecessor-version":[{"id":5456,"href":"https:\/\/blogs.correiobraziliense.com.br\/cbpoder\/wp-json\/wp\/v2\/posts\/5451\/revisions\/5456"}],"wp:featuredmedia":[{"embeddable":true,"href":"https:\/\/blogs.correiobraziliense.com.br\/cbpoder\/wp-json\/wp\/v2\/media\/5452"}],"wp:attachment":[{"href":"https:\/\/blogs.correiobraziliense.com.br\/cbpoder\/wp-json\/wp\/v2\/media?parent=5451"}],"wp:term":[{"taxonomy":"category","embeddable":true,"href":"https:\/\/blogs.correiobraziliense.com.br\/cbpoder\/wp-json\/wp\/v2\/categories?post=5451"},{"taxonomy":"post_tag","embeddable":true,"href":"https:\/\/blogs.correiobraziliense.com.br\/cbpoder\/wp-json\/wp\/v2\/tags?post=5451"}],"curies":[{"name":"wp","href":"https:\/\/api.w.org\/{rel}","templated":true}]}}