{"id":5433,"date":"2016-08-22T13:17:28","date_gmt":"2016-08-22T16:17:28","guid":{"rendered":"https:\/\/blogs.correiobraziliense.com.br\/cbpoder\/?p=5433"},"modified":"2016-10-19T19:39:38","modified_gmt":"2016-10-19T21:39:38","slug":"citado-em-escandalo-julio-cesar-entrega-cargo-de-lider-do-governo","status":"publish","type":"post","link":"https:\/\/blogs.correiobraziliense.com.br\/cbpoder\/citado-em-escandalo-julio-cesar-entrega-cargo-de-lider-do-governo\/","title":{"rendered":"Citado em esc\u00e2ndalo de propina,  J\u00falio C\u00e9sar entrega cargo de l\u00edder do governo"},"content":{"rendered":"<p>ISA STACCIARINI<\/p>\n<p>&nbsp;<\/p>\n<p>O 2\u00ba secret\u00e1rio da C\u00e2mara Legislativa do DF, deputado J\u00falio C\u00e9sar (PRB), entregou o cargo de l\u00edder do governo na Casa ao chefe do Executivo, Rodrigo Rollemberg (PSB). Ele teve o nome citado pelo ex-secret\u00e1rio geral da C\u00e2mara preso na opera\u00e7\u00e3o Lava-Jato, Val\u00e9rio Neves, no esc\u00e2ndalo do suposto esquema de desvio de recursos p\u00fablico. Em nota, ele informou que precisa, agora, se dedicar \u00e0 defesa \u201cpara que possa continuar honrando o mandato e contribuindo para o crescimento e desenvolvimento do DF.\u201d<\/p>\n<p>&nbsp;<\/p>\n<p>No \u00e1udio gravado pela ent\u00e3o vice-presidente da CLDF, Liliane Roriz (PTB), Val\u00e9rio menciona que J\u00falio C\u00e9sar e bispo Renato Andrade (PR) tentaram &#8220;um neg\u00f3cio&#8221; com o presidente da Associa\u00e7\u00e3o Brasiliense de Construtores (Asbraco), Afonso Assad. Ele conta, ainda, que o empres\u00e1rio havia dito que &#8220;n\u00e3o tinha jeito&#8221;, em alus\u00e3o \u00e0 propina.<\/p>\n<p>&nbsp;<\/p>\n<p>Na conversa, Val\u00e9rio esclarece que o deputado Cristiano Ara\u00fajo (PSD) conseguiu &#8220;o neg\u00f3cio das UTIs, onde teria jeito&#8221;, o que explicaria a mudan\u00e7a da destina\u00e7\u00e3o da sobra de emenda parlamentar.<\/p>\n<p>&nbsp;<\/p>\n<p>No fim de 2015 a C\u00e2mara economizou R$ 31 milh\u00f5es do or\u00e7amento. Inicialmente o dinheiro seria destinado \u00e0 reformas de escolas da rede p\u00fablica de ensino, mas R$ 30 milh\u00f5es acabaram transferidos para o Fundo de Sa\u00fade do DF. O acordo entre os deputados era que, com o remanejamento da verba para a sa\u00fade, um percentual seria destinado para alguns distritais da Mesa Diretora, mais dois integrantes da Casa.<\/p>\n","protected":false},"excerpt":{"rendered":"<p>ISA STACCIARINI &nbsp; O 2\u00ba secret\u00e1rio da C\u00e2mara Legislativa do DF, deputado J\u00falio C\u00e9sar (PRB), entregou o cargo de l\u00edder do governo na Casa ao chefe do Executivo, Rodrigo Rollemberg (PSB). Ele teve o nome citado pelo ex-secret\u00e1rio geral da C\u00e2mara preso na opera\u00e7\u00e3o Lava-Jato, Val\u00e9rio Neves, no esc\u00e2ndalo do suposto esquema de desvio de recursos p\u00fablico. Em nota, ele [&hellip;]<\/p>\n","protected":false},"author":9,"featured_media":0,"comment_status":"open","ping_status":"open","sticky":false,"template":"","format":"standard","meta":{"footnotes":""},"categories":[234],"tags":[],"class_list":["post-5433","post","type-post","status-publish","format-standard","hentry","category-cb-poder"],"_links":{"self":[{"href":"https:\/\/blogs.correiobraziliense.com.br\/cbpoder\/wp-json\/wp\/v2\/posts\/5433","targetHints":{"allow":["GET"]}}],"collection":[{"href":"https:\/\/blogs.correiobraziliense.com.br\/cbpoder\/wp-json\/wp\/v2\/posts"}],"about":[{"href":"https:\/\/blogs.correiobraziliense.com.br\/cbpoder\/wp-json\/wp\/v2\/types\/post"}],"author":[{"embeddable":true,"href":"https:\/\/blogs.correiobraziliense.com.br\/cbpoder\/wp-json\/wp\/v2\/users\/9"}],"replies":[{"embeddable":true,"href":"https:\/\/blogs.correiobraziliense.com.br\/cbpoder\/wp-json\/wp\/v2\/comments?post=5433"}],"version-history":[{"count":2,"href":"https:\/\/blogs.correiobraziliense.com.br\/cbpoder\/wp-json\/wp\/v2\/posts\/5433\/revisions"}],"predecessor-version":[{"id":5443,"href":"https:\/\/blogs.correiobraziliense.com.br\/cbpoder\/wp-json\/wp\/v2\/posts\/5433\/revisions\/5443"}],"wp:attachment":[{"href":"https:\/\/blogs.correiobraziliense.com.br\/cbpoder\/wp-json\/wp\/v2\/media?parent=5433"}],"wp:term":[{"taxonomy":"category","embeddable":true,"href":"https:\/\/blogs.correiobraziliense.com.br\/cbpoder\/wp-json\/wp\/v2\/categories?post=5433"},{"taxonomy":"post_tag","embeddable":true,"href":"https:\/\/blogs.correiobraziliense.com.br\/cbpoder\/wp-json\/wp\/v2\/tags?post=5433"}],"curies":[{"name":"wp","href":"https:\/\/api.w.org\/{rel}","templated":true}]}}