{"id":5423,"date":"2016-08-21T22:20:06","date_gmt":"2016-08-22T01:20:06","guid":{"rendered":"https:\/\/blogs.correiobraziliense.com.br\/cbpoder\/?p=5423"},"modified":"2016-08-21T23:19:25","modified_gmt":"2016-08-22T02:19:25","slug":"sinpol-pede-que-rollemberg-exonere-cargos-de-chefia-da-policia-civil","status":"publish","type":"post","link":"https:\/\/blogs.correiobraziliense.com.br\/cbpoder\/sinpol-pede-que-rollemberg-exonere-cargos-de-chefia-da-policia-civil\/","title":{"rendered":"Sinpol pede que Rollemberg exonere cargos de chefia da Pol\u00edcia Civil"},"content":{"rendered":"<p>O presidente do Sindicato dos Policiais Civis do DF (Sinpol-DF), Rodrigo Franco, protocolou na \u00faltima sexta-feira (19) pedido para que o governador Rodrigo Rollemberg exonere todos os policiais civis que entregaram cargos de chefia como protesto pela quebra da paridade salarial com a Pol\u00edcia Federal.<\/p>\n<p>Mais de 95% dos cargos de chefia foram entregues ao Executivo. No of\u00edcio, o presidente do Sinpol ressalta que n\u00e3o haver\u00e1 substitui\u00e7\u00f5es.<\/p>\n<p>Os pedidos de exonera\u00e7\u00e3o foram protocolados na Dire\u00e7\u00e3o de Gest\u00e3o da Pol\u00edcia Civil, mas, para\u00a0passar a valer, os atos precisam ser publicados no Di\u00e1rio Oficial do DF.<\/p>\n<p>O movimento deve retardar inqu\u00e9ritos e prejudicar investiga\u00e7\u00f5es importantes de crimes no Distrito Federal. Trata-se do protesto mais contundente da hist\u00f3ria da Pol\u00edcia Civil.<\/p>\n<p>O pior \u00e9 que a crise n\u00e3o tem data para acabar. Depois de apresentar uma proposta salarial \u00e0 categoria, com reajustes de 7% em 2017, 10% em 2018 e 10% em 2019, o governo voltou atr\u00e1s. Os sindicatos n\u00e3o aceitaram porque essa proposta \u00e9 inferior aos 37% conquistados pela Pol\u00edcia Federal. A Pol\u00edcia Civil briga por isonomia.<\/p>\n<p>Agora, o governo, sob o argumento de que n\u00e3o negocia com policiais durante o movimento, descarta apresentar nova proposta. Nos bastidores, no entanto, integrantes do GDF dizem que o governador Rodrigo Rollemberg n\u00e3o deve conceder aumento para as for\u00e7as policiais por falta de condi\u00e7\u00f4es financeiras. &#8220;N\u00e3o tem dinheiro nem para a Pol\u00edcia Civil, nem para a PM. N\u00e3o vai ter aumento&#8221;, afirma um graduado integrante do Pal\u00e1cio do Buriti.<\/p>\n<p>O governo aposta num arrefecimento do movimento e estuda medidas judiciais para impedir que as delegacias fiquem ac\u00e9falas. Mas o movimento \u00e9 forte. Policiais civis nunca estiveram t\u00e3o unidos no prop\u00f3sito de protestar at\u00e9 que o governo admita a paridade.<\/p>\n<p>A perman\u00eancia do diretor-geral, Eric Seba, tamb\u00e9m \u00e9 uma inc\u00f3gnita. Amigo e aliado de Rollemberg, Seba tem defendido a sua categoria.<\/p>\n<p>&nbsp;<\/p>\n<p>Veja o of\u00edcio:<\/p>\n<p><a href=\"https:\/\/blogs.correiobraziliense.com.br\/cbpoder\/wp-content\/uploads\/sites\/5\/2016\/08\/image-1.jpeg\" rel=\"attachment wp-att-5424\"><img loading=\"lazy\" decoding=\"async\" class=\"alignnone size-large wp-image-5424\" src=\"https:\/\/blogs.correiobraziliense.com.br\/cbpoder\/wp-content\/uploads\/sites\/5\/2016\/08\/image-1-576x1024.jpeg\" alt=\"image\" width=\"576\" height=\"1024\" srcset=\"https:\/\/blogs.correiobraziliense.com.br\/cbpoder\/wp-content\/uploads\/sites\/5\/2016\/08\/image-1-576x1024.jpeg 576w, https:\/\/blogs.correiobraziliense.com.br\/cbpoder\/wp-content\/uploads\/sites\/5\/2016\/08\/image-1-169x300.jpeg 169w, https:\/\/blogs.correiobraziliense.com.br\/cbpoder\/wp-content\/uploads\/sites\/5\/2016\/08\/image-1-197x350.jpeg 197w, https:\/\/blogs.correiobraziliense.com.br\/cbpoder\/wp-content\/uploads\/sites\/5\/2016\/08\/image-1-550x978.jpeg 550w, https:\/\/blogs.correiobraziliense.com.br\/cbpoder\/wp-content\/uploads\/sites\/5\/2016\/08\/image-1-230x409.jpeg 230w, https:\/\/blogs.correiobraziliense.com.br\/cbpoder\/wp-content\/uploads\/sites\/5\/2016\/08\/image-1.jpeg 720w\" sizes=\"auto, (max-width: 576px) 100vw, 576px\" \/><\/a><\/p>\n","protected":false},"excerpt":{"rendered":"<p>O presidente do Sindicato dos Policiais Civis do DF (Sinpol-DF), Rodrigo Franco, protocolou na \u00faltima sexta-feira (19) pedido para que o governador Rodrigo Rollemberg exonere todos os policiais civis que entregaram cargos de chefia como protesto pela quebra da paridade salarial com a Pol\u00edcia Federal. Mais de 95% dos cargos de chefia foram entregues ao Executivo. No of\u00edcio, o presidente [&hellip;]<\/p>\n","protected":false},"author":9,"featured_media":0,"comment_status":"open","ping_status":"closed","sticky":false,"template":"","format":"standard","meta":{"footnotes":""},"categories":[234],"tags":[],"class_list":["post-5423","post","type-post","status-publish","format-standard","hentry","category-cb-poder"],"_links":{"self":[{"href":"https:\/\/blogs.correiobraziliense.com.br\/cbpoder\/wp-json\/wp\/v2\/posts\/5423","targetHints":{"allow":["GET"]}}],"collection":[{"href":"https:\/\/blogs.correiobraziliense.com.br\/cbpoder\/wp-json\/wp\/v2\/posts"}],"about":[{"href":"https:\/\/blogs.correiobraziliense.com.br\/cbpoder\/wp-json\/wp\/v2\/types\/post"}],"author":[{"embeddable":true,"href":"https:\/\/blogs.correiobraziliense.com.br\/cbpoder\/wp-json\/wp\/v2\/users\/9"}],"replies":[{"embeddable":true,"href":"https:\/\/blogs.correiobraziliense.com.br\/cbpoder\/wp-json\/wp\/v2\/comments?post=5423"}],"version-history":[{"count":4,"href":"https:\/\/blogs.correiobraziliense.com.br\/cbpoder\/wp-json\/wp\/v2\/posts\/5423\/revisions"}],"predecessor-version":[{"id":5428,"href":"https:\/\/blogs.correiobraziliense.com.br\/cbpoder\/wp-json\/wp\/v2\/posts\/5423\/revisions\/5428"}],"wp:attachment":[{"href":"https:\/\/blogs.correiobraziliense.com.br\/cbpoder\/wp-json\/wp\/v2\/media?parent=5423"}],"wp:term":[{"taxonomy":"category","embeddable":true,"href":"https:\/\/blogs.correiobraziliense.com.br\/cbpoder\/wp-json\/wp\/v2\/categories?post=5423"},{"taxonomy":"post_tag","embeddable":true,"href":"https:\/\/blogs.correiobraziliense.com.br\/cbpoder\/wp-json\/wp\/v2\/tags?post=5423"}],"curies":[{"name":"wp","href":"https:\/\/api.w.org\/{rel}","templated":true}]}}