{"id":5420,"date":"2016-08-21T17:11:17","date_gmt":"2016-08-21T20:11:17","guid":{"rendered":"https:\/\/blogs.correiobraziliense.com.br\/cbpoder\/?p=5420"},"modified":"2016-10-19T19:39:39","modified_gmt":"2016-10-19T21:39:39","slug":"distritais-citados-em-escandalo-se-encontram-em-velorio","status":"publish","type":"post","link":"https:\/\/blogs.correiobraziliense.com.br\/cbpoder\/distritais-citados-em-escandalo-se-encontram-em-velorio\/","title":{"rendered":"Distritais citados em esc\u00e2ndalo se encontram em vel\u00f3rio"},"content":{"rendered":"<p>Ot\u00e1vio Augusto<\/p>\n<p>O vel\u00f3rio de\u00a0Maria Santos Andrade, m\u00e3e do deputado distrital Bispo Renato (PR), reuniu dezenas de pol\u00edticos na tarde deste domingo (21). Ela morreu na \u00faltima madrugada, aos 84 anos, depois de dois meses de interna\u00e7\u00e3o. Os colegas foram ao sepultamento para manifestar condol\u00eancias pela perda do colega. A cerim\u00f4nia \u00e9 realizada no Cemit\u00e9rio Campo da Esperan\u00e7a. Passaram pelo local os deputados distritais\u00a0Agaciel Maia (PR), Telma Rufino (sem partido), Raimundo Ribeiro (PPS), Cristiano Ara\u00fajo (PSD),\u00a0J\u00falio C\u00e9sar (PRB), al\u00e9m da presidente da C\u00e2mara, Celina Le\u00e3o (PPS).\u00a0O ex-vice-governador Tadeu Filippelli tamb\u00e9m foi ao local para prestar solidariedade ao deputado Bispo Renato.<\/p>\n<p>&nbsp;<\/p>\n<p>A maioria dos deputados evitou falar sobre o esc\u00e2ndalo durante o vel\u00f3rio. &#8220;Meu pai morreu h\u00e1 apenas tr\u00eas meses, sei bem o que essa perda representa. Por isso, vim\u00a0dar um abra\u00e7o&#8221;, contou Cristiano Ara\u00fajo. Bispo Renato estava abatido com a despedida. &#8220;\u00c9 uma perda enorme, n\u00e3o consigo nem dimensionar&#8221;, comentou.\u00a0Celina Le\u00e3o saiu do local sem dar declara\u00e7\u00f5es. Antes disso, parte dos deputados citados no epis\u00f3dio UTIgates se reuniu na lanchonete do cemit\u00e9rio. Apesar do clima de sobriedade, houve espa\u00e7o para brincadeiras entre os colegas. &#8220;Emagreceu, hein tigresa&#8221;, disse Raimundo Ribeiro a Telma Rufino, ao v\u00ea-la com uma roupa de estampa animal. &#8220;Claro, diab\u00e9tica com sobrepeso n\u00e3o d\u00e1&#8221;, comentou a distrital.<\/p>\n<p>&nbsp;<\/p>\n<p>&nbsp;<\/p>\n","protected":false},"excerpt":{"rendered":"<p>Ot\u00e1vio Augusto O vel\u00f3rio de\u00a0Maria Santos Andrade, m\u00e3e do deputado distrital Bispo Renato (PR), reuniu dezenas de pol\u00edticos na tarde deste domingo (21). Ela morreu na \u00faltima madrugada, aos 84 anos, depois de dois meses de interna\u00e7\u00e3o. Os colegas foram ao sepultamento para manifestar condol\u00eancias pela perda do colega. A cerim\u00f4nia \u00e9 realizada no Cemit\u00e9rio Campo da Esperan\u00e7a. Passaram pelo [&hellip;]<\/p>\n","protected":false},"author":9,"featured_media":5421,"comment_status":"open","ping_status":"open","sticky":false,"template":"","format":"standard","meta":{"footnotes":""},"categories":[234],"tags":[],"class_list":["post-5420","post","type-post","status-publish","format-standard","has-post-thumbnail","hentry","category-cb-poder"],"_links":{"self":[{"href":"https:\/\/blogs.correiobraziliense.com.br\/cbpoder\/wp-json\/wp\/v2\/posts\/5420","targetHints":{"allow":["GET"]}}],"collection":[{"href":"https:\/\/blogs.correiobraziliense.com.br\/cbpoder\/wp-json\/wp\/v2\/posts"}],"about":[{"href":"https:\/\/blogs.correiobraziliense.com.br\/cbpoder\/wp-json\/wp\/v2\/types\/post"}],"author":[{"embeddable":true,"href":"https:\/\/blogs.correiobraziliense.com.br\/cbpoder\/wp-json\/wp\/v2\/users\/9"}],"replies":[{"embeddable":true,"href":"https:\/\/blogs.correiobraziliense.com.br\/cbpoder\/wp-json\/wp\/v2\/comments?post=5420"}],"version-history":[{"count":1,"href":"https:\/\/blogs.correiobraziliense.com.br\/cbpoder\/wp-json\/wp\/v2\/posts\/5420\/revisions"}],"predecessor-version":[{"id":5422,"href":"https:\/\/blogs.correiobraziliense.com.br\/cbpoder\/wp-json\/wp\/v2\/posts\/5420\/revisions\/5422"}],"wp:featuredmedia":[{"embeddable":true,"href":"https:\/\/blogs.correiobraziliense.com.br\/cbpoder\/wp-json\/wp\/v2\/media\/5421"}],"wp:attachment":[{"href":"https:\/\/blogs.correiobraziliense.com.br\/cbpoder\/wp-json\/wp\/v2\/media?parent=5420"}],"wp:term":[{"taxonomy":"category","embeddable":true,"href":"https:\/\/blogs.correiobraziliense.com.br\/cbpoder\/wp-json\/wp\/v2\/categories?post=5420"},{"taxonomy":"post_tag","embeddable":true,"href":"https:\/\/blogs.correiobraziliense.com.br\/cbpoder\/wp-json\/wp\/v2\/tags?post=5420"}],"curies":[{"name":"wp","href":"https:\/\/api.w.org\/{rel}","templated":true}]}}