{"id":5417,"date":"2016-08-21T12:45:25","date_gmt":"2016-08-21T15:45:25","guid":{"rendered":"https:\/\/blogs.correiobraziliense.com.br\/cbpoder\/?p=5417"},"modified":"2016-08-20T16:48:48","modified_gmt":"2016-08-20T19:48:48","slug":"envolvida-no-escandalo-da-caixa-de-pandora-jaqueline-roriz-nao-consegue-visto-americano","status":"publish","type":"post","link":"https:\/\/blogs.correiobraziliense.com.br\/cbpoder\/envolvida-no-escandalo-da-caixa-de-pandora-jaqueline-roriz-nao-consegue-visto-americano\/","title":{"rendered":"Envolvida no esc\u00e2ndalo da Caixa de Pandora, Jaqueline Roriz n\u00e3o consegue visto americano"},"content":{"rendered":"<p>Condenada por improbidade na Opera\u00e7\u00e3o Caixa de Pandora, a ex-deputada Jaqueline Roriz teve o visto negado pela embaixada dos Estados Unidos. A informa\u00e7\u00e3o est\u00e1 na conversa gravada no UTIGates. Celina Le\u00e3o comenta: &#8220;\u00c9 por causa da Caixa de Pandora. Tem nada a ver, n\u00e9? Imagina se todo mundo ficar impedido porque est\u00e1 sendo investigado?&#8221;<\/p>\n","protected":false},"excerpt":{"rendered":"<p>Condenada por improbidade na Opera\u00e7\u00e3o Caixa de Pandora, a ex-deputada Jaqueline Roriz teve o visto negado pela embaixada dos Estados Unidos. A informa\u00e7\u00e3o est\u00e1 na conversa gravada no UTIGates. Celina Le\u00e3o comenta: &#8220;\u00c9 por causa da Caixa de Pandora. Tem nada a ver, n\u00e9? Imagina se todo mundo ficar impedido porque est\u00e1 sendo investigado?&#8221;<\/p>\n","protected":false},"author":9,"featured_media":5418,"comment_status":"open","ping_status":"closed","sticky":false,"template":"","format":"standard","meta":{"footnotes":""},"categories":[234],"tags":[],"class_list":["post-5417","post","type-post","status-publish","format-standard","has-post-thumbnail","hentry","category-cb-poder"],"_links":{"self":[{"href":"https:\/\/blogs.correiobraziliense.com.br\/cbpoder\/wp-json\/wp\/v2\/posts\/5417","targetHints":{"allow":["GET"]}}],"collection":[{"href":"https:\/\/blogs.correiobraziliense.com.br\/cbpoder\/wp-json\/wp\/v2\/posts"}],"about":[{"href":"https:\/\/blogs.correiobraziliense.com.br\/cbpoder\/wp-json\/wp\/v2\/types\/post"}],"author":[{"embeddable":true,"href":"https:\/\/blogs.correiobraziliense.com.br\/cbpoder\/wp-json\/wp\/v2\/users\/9"}],"replies":[{"embeddable":true,"href":"https:\/\/blogs.correiobraziliense.com.br\/cbpoder\/wp-json\/wp\/v2\/comments?post=5417"}],"version-history":[{"count":1,"href":"https:\/\/blogs.correiobraziliense.com.br\/cbpoder\/wp-json\/wp\/v2\/posts\/5417\/revisions"}],"predecessor-version":[{"id":5419,"href":"https:\/\/blogs.correiobraziliense.com.br\/cbpoder\/wp-json\/wp\/v2\/posts\/5417\/revisions\/5419"}],"wp:featuredmedia":[{"embeddable":true,"href":"https:\/\/blogs.correiobraziliense.com.br\/cbpoder\/wp-json\/wp\/v2\/media\/5418"}],"wp:attachment":[{"href":"https:\/\/blogs.correiobraziliense.com.br\/cbpoder\/wp-json\/wp\/v2\/media?parent=5417"}],"wp:term":[{"taxonomy":"category","embeddable":true,"href":"https:\/\/blogs.correiobraziliense.com.br\/cbpoder\/wp-json\/wp\/v2\/categories?post=5417"},{"taxonomy":"post_tag","embeddable":true,"href":"https:\/\/blogs.correiobraziliense.com.br\/cbpoder\/wp-json\/wp\/v2\/tags?post=5417"}],"curies":[{"name":"wp","href":"https:\/\/api.w.org\/{rel}","templated":true}]}}