{"id":5411,"date":"2016-08-21T10:38:39","date_gmt":"2016-08-21T13:38:39","guid":{"rendered":"https:\/\/blogs.correiobraziliense.com.br\/cbpoder\/?p=5411"},"modified":"2016-08-20T16:40:52","modified_gmt":"2016-08-20T19:40:52","slug":"camara-elege-novo-vice-presidente-nesta-segunda-feira","status":"publish","type":"post","link":"https:\/\/blogs.correiobraziliense.com.br\/cbpoder\/camara-elege-novo-vice-presidente-nesta-segunda-feira\/","title":{"rendered":"C\u00e2mara Legislativa elege novo vice-presidente nesta segunda"},"content":{"rendered":"<p>Com a ren\u00fancia de Liliane Roriz (PTB) na vice-presid\u00eancia da C\u00e2mara Legislativa, os deputados v\u00e3o eleger amanh\u00e3 um substituto. O escolhido ou escolhida fica no cargo at\u00e9 31 de dezembro. N\u00e3o h\u00e1 d\u00favidas de que a presidente da Casa, Celina Le\u00e3o (PPS), vai tentar emplacar algu\u00e9m de seu grupo pol\u00edtico para refor\u00e7ar seu poder na Mesa Diretora. Um dos cotados \u00e9 Rodrigo Delmasso (PTN), mas ele pode n\u00e3o topar um mandato tamp\u00e3o que o impe\u00e7a de concorrer a um cargo nos dois \u00faltimos anos. Ricardo Vale (PT) \u00e9 outro poss\u00edvel nome para substituir Liliane Roriz.<\/p>\n","protected":false},"excerpt":{"rendered":"<p>Com a ren\u00fancia de Liliane Roriz (PTB) na vice-presid\u00eancia da C\u00e2mara Legislativa, os deputados v\u00e3o eleger amanh\u00e3 um substituto. O escolhido ou escolhida fica no cargo at\u00e9 31 de dezembro. N\u00e3o h\u00e1 d\u00favidas de que a presidente da Casa, Celina Le\u00e3o (PPS), vai tentar emplacar algu\u00e9m de seu grupo pol\u00edtico para refor\u00e7ar seu poder na Mesa Diretora. Um dos cotados [&hellip;]<\/p>\n","protected":false},"author":9,"featured_media":5412,"comment_status":"open","ping_status":"closed","sticky":false,"template":"","format":"standard","meta":{"footnotes":""},"categories":[234],"tags":[],"class_list":["post-5411","post","type-post","status-publish","format-standard","has-post-thumbnail","hentry","category-cb-poder"],"_links":{"self":[{"href":"https:\/\/blogs.correiobraziliense.com.br\/cbpoder\/wp-json\/wp\/v2\/posts\/5411","targetHints":{"allow":["GET"]}}],"collection":[{"href":"https:\/\/blogs.correiobraziliense.com.br\/cbpoder\/wp-json\/wp\/v2\/posts"}],"about":[{"href":"https:\/\/blogs.correiobraziliense.com.br\/cbpoder\/wp-json\/wp\/v2\/types\/post"}],"author":[{"embeddable":true,"href":"https:\/\/blogs.correiobraziliense.com.br\/cbpoder\/wp-json\/wp\/v2\/users\/9"}],"replies":[{"embeddable":true,"href":"https:\/\/blogs.correiobraziliense.com.br\/cbpoder\/wp-json\/wp\/v2\/comments?post=5411"}],"version-history":[{"count":1,"href":"https:\/\/blogs.correiobraziliense.com.br\/cbpoder\/wp-json\/wp\/v2\/posts\/5411\/revisions"}],"predecessor-version":[{"id":5413,"href":"https:\/\/blogs.correiobraziliense.com.br\/cbpoder\/wp-json\/wp\/v2\/posts\/5411\/revisions\/5413"}],"wp:featuredmedia":[{"embeddable":true,"href":"https:\/\/blogs.correiobraziliense.com.br\/cbpoder\/wp-json\/wp\/v2\/media\/5412"}],"wp:attachment":[{"href":"https:\/\/blogs.correiobraziliense.com.br\/cbpoder\/wp-json\/wp\/v2\/media?parent=5411"}],"wp:term":[{"taxonomy":"category","embeddable":true,"href":"https:\/\/blogs.correiobraziliense.com.br\/cbpoder\/wp-json\/wp\/v2\/categories?post=5411"},{"taxonomy":"post_tag","embeddable":true,"href":"https:\/\/blogs.correiobraziliense.com.br\/cbpoder\/wp-json\/wp\/v2\/tags?post=5411"}],"curies":[{"name":"wp","href":"https:\/\/api.w.org\/{rel}","templated":true}]}}