{"id":5406,"date":"2016-08-20T12:14:57","date_gmt":"2016-08-20T15:14:57","guid":{"rendered":"https:\/\/blogs.correiobraziliense.com.br\/cbpoder\/?p=5406"},"modified":"2016-08-20T12:18:04","modified_gmt":"2016-08-20T15:18:04","slug":"titulo-de-cidadao-honorario-para-pastor-investigado-na-operacao-lava-jato","status":"publish","type":"post","link":"https:\/\/blogs.correiobraziliense.com.br\/cbpoder\/titulo-de-cidadao-honorario-para-pastor-investigado-na-operacao-lava-jato\/","title":{"rendered":"Sandra Faraj quer dar t\u00edtulo de cidad\u00e3o honor\u00e1rio a pastor investigado na Opera\u00e7\u00e3o Lava Jato"},"content":{"rendered":"<p>A deputada distrital Sandra Faraj (SD) apresentou proposta de concess\u00e3o do t\u00edtulo de cidad\u00e3o honor\u00e1rio ao pastor Samuel C\u00e1ssio Ferreira. O religioso \u00e9 investigado pela Opera\u00e7\u00e3o Lava Jato por suas liga\u00e7\u00f5es com o ex-presidente da C\u00e2mara Eduardo Cunha (PMDB-RJ).<\/p>\n<p>&nbsp;<\/p>\n<p>A igreja do pastor, em Campinas, foi pichada ap\u00f3s a men\u00e7\u00e3o na den\u00fancia da Procuradoria-Geral da Rep\u00fablica. Na justificativa pela proposta do t\u00edtulo, Faraj alega que \u201co pastor Samuel, como presidente da Conven\u00e7\u00e3o Estadual das Assembleias de Deus de S\u00e3o Paulo, tem investido na educa\u00e7\u00e3o religiosa de jovens e adolescentes, pela distribui\u00e7\u00e3o de b\u00edblias e material did\u00e1tico\u201d.<\/p>\n<p>&nbsp;<\/p>\n<p>\u201cO objetivo de vida do pastor Samuel Ferreira \u00e9 levar ao conhecimento de milhares de pessoas a mensagem redentora e libertadora de Jesus Cristo, o senhor\u201d, alegou a deputada distrital, no projeto protocolado na C\u00e2mara Legislativa. A parlamentar argumenta ainda \u201cque o pastor \u00e9 uma das mais respeitadas, competentes e influentes personalidades da capital\u201d.<\/p>\n","protected":false},"excerpt":{"rendered":"<p>A deputada distrital Sandra Faraj (SD) apresentou proposta de concess\u00e3o do t\u00edtulo de cidad\u00e3o honor\u00e1rio ao pastor Samuel C\u00e1ssio Ferreira. O religioso \u00e9 investigado pela Opera\u00e7\u00e3o Lava Jato por suas liga\u00e7\u00f5es com o ex-presidente da C\u00e2mara Eduardo Cunha (PMDB-RJ). &nbsp; A igreja do pastor, em Campinas, foi pichada ap\u00f3s a men\u00e7\u00e3o na den\u00fancia da Procuradoria-Geral da Rep\u00fablica. Na justificativa pela [&hellip;]<\/p>\n","protected":false},"author":9,"featured_media":5407,"comment_status":"open","ping_status":"closed","sticky":false,"template":"","format":"standard","meta":{"footnotes":""},"categories":[234],"tags":[],"class_list":["post-5406","post","type-post","status-publish","format-standard","has-post-thumbnail","hentry","category-cb-poder"],"_links":{"self":[{"href":"https:\/\/blogs.correiobraziliense.com.br\/cbpoder\/wp-json\/wp\/v2\/posts\/5406","targetHints":{"allow":["GET"]}}],"collection":[{"href":"https:\/\/blogs.correiobraziliense.com.br\/cbpoder\/wp-json\/wp\/v2\/posts"}],"about":[{"href":"https:\/\/blogs.correiobraziliense.com.br\/cbpoder\/wp-json\/wp\/v2\/types\/post"}],"author":[{"embeddable":true,"href":"https:\/\/blogs.correiobraziliense.com.br\/cbpoder\/wp-json\/wp\/v2\/users\/9"}],"replies":[{"embeddable":true,"href":"https:\/\/blogs.correiobraziliense.com.br\/cbpoder\/wp-json\/wp\/v2\/comments?post=5406"}],"version-history":[{"count":3,"href":"https:\/\/blogs.correiobraziliense.com.br\/cbpoder\/wp-json\/wp\/v2\/posts\/5406\/revisions"}],"predecessor-version":[{"id":5410,"href":"https:\/\/blogs.correiobraziliense.com.br\/cbpoder\/wp-json\/wp\/v2\/posts\/5406\/revisions\/5410"}],"wp:featuredmedia":[{"embeddable":true,"href":"https:\/\/blogs.correiobraziliense.com.br\/cbpoder\/wp-json\/wp\/v2\/media\/5407"}],"wp:attachment":[{"href":"https:\/\/blogs.correiobraziliense.com.br\/cbpoder\/wp-json\/wp\/v2\/media?parent=5406"}],"wp:term":[{"taxonomy":"category","embeddable":true,"href":"https:\/\/blogs.correiobraziliense.com.br\/cbpoder\/wp-json\/wp\/v2\/categories?post=5406"},{"taxonomy":"post_tag","embeddable":true,"href":"https:\/\/blogs.correiobraziliense.com.br\/cbpoder\/wp-json\/wp\/v2\/tags?post=5406"}],"curies":[{"name":"wp","href":"https:\/\/api.w.org\/{rel}","templated":true}]}}