{"id":5393,"date":"2016-08-19T22:55:14","date_gmt":"2016-08-20T01:55:14","guid":{"rendered":"https:\/\/blogs.correiobraziliense.com.br\/cbpoder\/?p=5393"},"modified":"2016-08-20T11:44:22","modified_gmt":"2016-08-20T14:44:22","slug":"sindepo-movimento-nao-tem-conotacao-politica","status":"publish","type":"post","link":"https:\/\/blogs.correiobraziliense.com.br\/cbpoder\/sindepo-movimento-nao-tem-conotacao-politica\/","title":{"rendered":"Sindepo: &#8220;Movimento n\u00e3o tem conota\u00e7\u00e3o pol\u00edtica&#8221;"},"content":{"rendered":"<p>At\u00e9 o momento, 92,5% dos cargos de delegados em cargos de chefia da Pol\u00edcia Civil do DF foram entregues ao governador Rodrigo Rollemberg para exonera\u00e7\u00e3o.<\/p>\n<p>O levantamento \u00e9 do Sindicato dos Delegados de Pol\u00edcia Civil (Sindepo). \u00a0S\u00e3o 198 cargos entregues, sendo 48 plantonistas, chefes e adjuntos de todas as delegacias circunscricionais, al\u00e9m dos diretores de departamentos, de um total de 214. Permanecem na fun\u00e7\u00e3o apenas os titulares das Delegacias de Combate ao Crime Organizado (Deco) e de Repress\u00e3o aos Crimes contra a Administra\u00e7\u00e3o P\u00fablica (Decap), al\u00e9m dos delegados que s\u00e3o ordenadores de despesas.<\/p>\n<p>A crise \u00e9 grave. Os delegados n\u00e3o aceitam participar da administra\u00e7\u00e3o de Rodrigo Rollemberg por considerarem que houve o descumprimento de uma regra hist\u00f3rica, a equipara\u00e7\u00e3o dos sal\u00e1rios dos policiais civis aos dos policiais federais. Com a entrega dos cargos, a perman\u00eancia de Eric Seba na dire\u00e7\u00e3o-geral tamb\u00e9m est\u00e1 comprometida. Mas por enquanto, ele permanece.<\/p>\n<p>Em nota, o Sindepo defende o movimento de entrega dos cargos e critica notas publicadas na coluna Eixo Capital, na edi\u00e7\u00e3o de hoje (19), sobre um movimento dos advers\u00e1rios de Eric Seba internamente para ocupar a cadeira na dire\u00e7\u00e3o-geral da institui\u00e7\u00e3o neste momento de embate. \u00a0&#8220;O movimento dos policiais civis n\u00e3o possui qualquer conota\u00e7\u00e3o pol\u00edtica interna, uma vez que a decis\u00e3o pela entrega dos cargos comissionados decorreu de delibera\u00e7\u00e3o\u00a0un\u00e2nime de assembleia dos Delegados de Pol\u00edcia e Policiais Civis, que assumiram\u00a0o compromisso de n\u00e3o tomarem posse em nenhum outro cargo&#8217;, diz a nota.<\/p>\n<p>O Sindepo tamb\u00e9m saiu em defesa dos delegados citados na nota &#8212; Maur\u00edlio Lima, Jo\u00e3o Carlos L\u00f3ssio, Rodrigo Larizzatti, Fl\u00e1vio Messina e Mois\u00e9s Martins &#8212; como nomes que poderiam assumir a dire\u00e7\u00e3o geral. &#8220;Os Delegados citados\u00a0na reportagem s\u00e3o profissionais id\u00f4neos, com muitos anos de servi\u00e7o dedicados \u00e0 popula\u00e7\u00e3o do Distrito Federal em investiga\u00e7\u00f5es policiais complexas, possuindo vastos curr\u00edculos profissionais, sendo injustas e infundadas as afirma\u00e7\u00f5es veiculadas&#8221;, aponta o Sindepo.<\/p>\n<p>A seguir os curr\u00edculos dos delegados:<\/p>\n<p>&nbsp;<\/p>\n<div><\/div>\n<p>Fl\u00e1vio Messina<\/p>\n<p><a href=\"https:\/\/blogs.correiobraziliense.com.br\/cbpoder\/wp-content\/uploads\/sites\/5\/2016\/08\/CBPFOT130320120055.jpg\" rel=\"attachment wp-att-5394\"><img loading=\"lazy\" decoding=\"async\" class=\" wp-image-5394\" src=\"https:\/\/blogs.correiobraziliense.com.br\/cbpoder\/wp-content\/uploads\/sites\/5\/2016\/08\/CBPFOT130320120055.jpg\" alt=\"13\/03\/2012. Cr\u00e9dito: Ed Alves\/CB\/D.A Press. Brasil. Bras\u00edlia - DF. Doutor Fl\u00e1vio Messina Alvim, delegado da Delegacia de Combate aos Crimes contra a Propriedade Imaterial - DCPI, fala sobre bebidas falsas apreendidas durante a Opera\u00e7\u00e3o Ressaca.\" width=\"430\" height=\"283\" srcset=\"https:\/\/blogs.correiobraziliense.com.br\/cbpoder\/wp-content\/uploads\/sites\/5\/2016\/08\/CBPFOT130320120055.jpg 800w, https:\/\/blogs.correiobraziliense.com.br\/cbpoder\/wp-content\/uploads\/sites\/5\/2016\/08\/CBPFOT130320120055-300x198.jpg 300w, https:\/\/blogs.correiobraziliense.com.br\/cbpoder\/wp-content\/uploads\/sites\/5\/2016\/08\/CBPFOT130320120055-768x506.jpg 768w, https:\/\/blogs.correiobraziliense.com.br\/cbpoder\/wp-content\/uploads\/sites\/5\/2016\/08\/CBPFOT130320120055-350x231.jpg 350w, https:\/\/blogs.correiobraziliense.com.br\/cbpoder\/wp-content\/uploads\/sites\/5\/2016\/08\/CBPFOT130320120055-550x362.jpg 550w, https:\/\/blogs.correiobraziliense.com.br\/cbpoder\/wp-content\/uploads\/sites\/5\/2016\/08\/CBPFOT130320120055-230x152.jpg 230w\" sizes=\"auto, (max-width: 430px) 100vw, 430px\" \/><\/a><\/p>\n<p>At\u00e9 maio, exerceu o cargo de diretor do Departamento de Pol\u00edcia Circunscricional (DPC), que comanda todas as delegacias, na equipe de Eric Seba. At\u00e9 a entrega dos cargos, era o titular da 21\u00aa DP, de Taguatinga Sul. P\u00f3s-graduado em processo penal, \u00e9 professor de direito penal e processo penal. Foi chefe da Delegacia de Combate aos Crimes contra a Propriedade Industrial.<br \/>\nMois\u00e9s Martins<\/p>\n<p><a href=\"https:\/\/blogs.correiobraziliense.com.br\/cbpoder\/wp-content\/uploads\/sites\/5\/2016\/08\/CBPFOT200520130327.jpg\" rel=\"attachment wp-att-5395\"><img loading=\"lazy\" decoding=\"async\" class=\" wp-image-5395\" src=\"https:\/\/blogs.correiobraziliense.com.br\/cbpoder\/wp-content\/uploads\/sites\/5\/2016\/08\/CBPFOT200520130327.jpg\" alt=\"20\/05\/2013. Cr\u00e9dito: Ed Alves\/CB\/D.A Press. Brasil.Bras\u00edlia - DF. Delegado Mois\u00e9s Martins de Sousa, fala de homem preso acusado de briga entre torcidas, na 12a. Delegacia de Pol\u00edcia de Taguatinga.\" width=\"428\" height=\"294\" srcset=\"https:\/\/blogs.correiobraziliense.com.br\/cbpoder\/wp-content\/uploads\/sites\/5\/2016\/08\/CBPFOT200520130327.jpg 800w, https:\/\/blogs.correiobraziliense.com.br\/cbpoder\/wp-content\/uploads\/sites\/5\/2016\/08\/CBPFOT200520130327-300x206.jpg 300w, https:\/\/blogs.correiobraziliense.com.br\/cbpoder\/wp-content\/uploads\/sites\/5\/2016\/08\/CBPFOT200520130327-768x528.jpg 768w, https:\/\/blogs.correiobraziliense.com.br\/cbpoder\/wp-content\/uploads\/sites\/5\/2016\/08\/CBPFOT200520130327-350x241.jpg 350w, https:\/\/blogs.correiobraziliense.com.br\/cbpoder\/wp-content\/uploads\/sites\/5\/2016\/08\/CBPFOT200520130327-550x378.jpg 550w, https:\/\/blogs.correiobraziliense.com.br\/cbpoder\/wp-content\/uploads\/sites\/5\/2016\/08\/CBPFOT200520130327-230x158.jpg 230w\" sizes=\"auto, (max-width: 428px) 100vw, 428px\" \/><\/a><\/p>\n<p>Est\u00e1 h\u00e1 32 anos na carreira da seguran\u00e7a p\u00fablica. Come\u00e7ou como soldado da Pol\u00edcia Militar, passando por agente e hoje \u00e9 delegado. At\u00e9 a entrega dos cargos, chefiava a 32\u00aa DP, em Samambaia Sul. Destacou-se quando comandou a Delegacia de Repress\u00e3o a Roubos e Furtos de Ve\u00edculos (DRFV). \u00c9 muito respeitado pelos colegas.<br \/>\nMaur\u00edlio Lima<\/p>\n<p><a href=\"https:\/\/blogs.correiobraziliense.com.br\/cbpoder\/wp-content\/uploads\/sites\/5\/2016\/08\/CBPFOT020320110081.jpg\" rel=\"attachment wp-att-5396\"><img loading=\"lazy\" decoding=\"async\" class=\" wp-image-5396\" src=\"https:\/\/blogs.correiobraziliense.com.br\/cbpoder\/wp-content\/uploads\/sites\/5\/2016\/08\/CBPFOT020320110081.jpg\" alt=\"01\/03\/2011. Cr\u00e9dito: Pedro Ladeira\/Esp.CB\/D.A Press. Brasil. Bras\u00edlia - DF. Assaltantes roubam caminh\u00e3o para roubarem m\u00e1quinas agricolas. O delegado Maur\u00edlio Rocha fala sobre o caso na 30\u00aa DP de S\u00e3o Sebasti\u00e3o.\" width=\"434\" height=\"288\" srcset=\"https:\/\/blogs.correiobraziliense.com.br\/cbpoder\/wp-content\/uploads\/sites\/5\/2016\/08\/CBPFOT020320110081.jpg 800w, https:\/\/blogs.correiobraziliense.com.br\/cbpoder\/wp-content\/uploads\/sites\/5\/2016\/08\/CBPFOT020320110081-300x199.jpg 300w, https:\/\/blogs.correiobraziliense.com.br\/cbpoder\/wp-content\/uploads\/sites\/5\/2016\/08\/CBPFOT020320110081-768x510.jpg 768w, https:\/\/blogs.correiobraziliense.com.br\/cbpoder\/wp-content\/uploads\/sites\/5\/2016\/08\/CBPFOT020320110081-350x232.jpg 350w, https:\/\/blogs.correiobraziliense.com.br\/cbpoder\/wp-content\/uploads\/sites\/5\/2016\/08\/CBPFOT020320110081-550x365.jpg 550w, https:\/\/blogs.correiobraziliense.com.br\/cbpoder\/wp-content\/uploads\/sites\/5\/2016\/08\/CBPFOT020320110081-230x153.jpg 230w\" sizes=\"auto, (max-width: 434px) 100vw, 434px\" \/><\/a><\/p>\n<p>Delegado desde 1999, foi diretor da Divis\u00e3o de Intelig\u00eancia da Pol\u00edcia Civil (DIPO), subsecret\u00e1rio de Intelig\u00eancia da Secretaria de Seguran\u00e7a P\u00fablica, Diretor do Departamento de Atividades Especiais (Depate), coordenador de Pol\u00edcia Legislativa da C\u00e2mara Legislativa, diretor do Departamento de Pol\u00edcia Circunscricional (DPC) e ouvidor da Pol\u00edcia Civil. \u00c9 considerado um dos mais experientes.<br \/>\nJo\u00e3o Carlos L\u00f3ssio<\/p>\n<p><a href=\"https:\/\/blogs.correiobraziliense.com.br\/cbpoder\/wp-content\/uploads\/sites\/5\/2016\/08\/CBPFOT231220100380.jpg\" rel=\"attachment wp-att-5397\"><img loading=\"lazy\" decoding=\"async\" class=\" wp-image-5397\" src=\"https:\/\/blogs.correiobraziliense.com.br\/cbpoder\/wp-content\/uploads\/sites\/5\/2016\/08\/CBPFOT231220100380.jpg\" alt=\"23\/12\/2010. Cr\u00e9dito: Bruno Peres\/CB\/D.A Press. Brasil. Bras\u00edlia - DF. Delegado Jo\u00e3o Carlos L\u00f3ssio fala sobre os presos na Opera\u00e7\u00e3o Tr\u00e1fico em Fam\u00edlia na 11\u00aa Delegacia de Pol\u00edcia no N\u00facleo Bandeirante.\" width=\"444\" height=\"295\" srcset=\"https:\/\/blogs.correiobraziliense.com.br\/cbpoder\/wp-content\/uploads\/sites\/5\/2016\/08\/CBPFOT231220100380.jpg 800w, https:\/\/blogs.correiobraziliense.com.br\/cbpoder\/wp-content\/uploads\/sites\/5\/2016\/08\/CBPFOT231220100380-300x199.jpg 300w, https:\/\/blogs.correiobraziliense.com.br\/cbpoder\/wp-content\/uploads\/sites\/5\/2016\/08\/CBPFOT231220100380-768x510.jpg 768w, https:\/\/blogs.correiobraziliense.com.br\/cbpoder\/wp-content\/uploads\/sites\/5\/2016\/08\/CBPFOT231220100380-350x232.jpg 350w, https:\/\/blogs.correiobraziliense.com.br\/cbpoder\/wp-content\/uploads\/sites\/5\/2016\/08\/CBPFOT231220100380-550x365.jpg 550w, https:\/\/blogs.correiobraziliense.com.br\/cbpoder\/wp-content\/uploads\/sites\/5\/2016\/08\/CBPFOT231220100380-230x153.jpg 230w\" sizes=\"auto, (max-width: 444px) 100vw, 444px\" \/><\/a><\/p>\n<p>Foi candidato a deputado distrital pelo PSDB e assumiu no primeiro ano do governo de Rodrigo Rollemberg o cargo de subsecret\u00e1rio do Sistema Penitenci\u00e1rio (Sesipe). Est\u00e1 na Pol\u00edcia Civil h\u00e1 20 anos e exerceu a chefia de delegacias circunscricionais. Tamb\u00e9m foi tesoureiro, diretor e presidente do Sindicato dos Delegados de Pol\u00edcia Civil (Sindepo).<\/p>\n<p>Rodrigo Larizzatti<\/p>\n<p><a href=\"https:\/\/blogs.correiobraziliense.com.br\/cbpoder\/wp-content\/uploads\/sites\/5\/2016\/08\/CBPFOT170220160769.jpg\" rel=\"attachment wp-att-5398\"><img loading=\"lazy\" decoding=\"async\" class=\" wp-image-5398\" src=\"https:\/\/blogs.correiobraziliense.com.br\/cbpoder\/wp-content\/uploads\/sites\/5\/2016\/08\/CBPFOT170220160769.jpg\" alt=\"17\/02\/2016. Credito: Ed Alves\/CB\/D.A Press. Brasil. Brasilia - DF. Tr\u00eas suspeitos do latroc\u00ednio do servidor do Senado Eli Roberto Chagas, de 51 anos, foram presospela Pol\u00edcia Civil do DF. O crime ocorreu em 2 de fevereiro, no momento em que o homem esperava os filhos pr\u00f3ximo ao col\u00e9gio. Coletiva do delegado Rodrigo Larizzatti.\" width=\"463\" height=\"309\" srcset=\"https:\/\/blogs.correiobraziliense.com.br\/cbpoder\/wp-content\/uploads\/sites\/5\/2016\/08\/CBPFOT170220160769.jpg 800w, https:\/\/blogs.correiobraziliense.com.br\/cbpoder\/wp-content\/uploads\/sites\/5\/2016\/08\/CBPFOT170220160769-300x200.jpg 300w, https:\/\/blogs.correiobraziliense.com.br\/cbpoder\/wp-content\/uploads\/sites\/5\/2016\/08\/CBPFOT170220160769-768x513.jpg 768w, https:\/\/blogs.correiobraziliense.com.br\/cbpoder\/wp-content\/uploads\/sites\/5\/2016\/08\/CBPFOT170220160769-350x234.jpg 350w, https:\/\/blogs.correiobraziliense.com.br\/cbpoder\/wp-content\/uploads\/sites\/5\/2016\/08\/CBPFOT170220160769-550x367.jpg 550w, https:\/\/blogs.correiobraziliense.com.br\/cbpoder\/wp-content\/uploads\/sites\/5\/2016\/08\/CBPFOT170220160769-230x154.jpg 230w\" sizes=\"auto, (max-width: 463px) 100vw, 463px\" \/><\/a><\/p>\n<p>Delegado desde 1999, \u00e9 professor de Direito Criminal da Academia de Pol\u00edcia Civil do DF, da Escola Superior de Pol\u00edcia Judici\u00e1ria do DF &#8211; ESUP\/ADEPOL-DF, da Escola Superior de Advocacia &#8211; ESA\/OAB-DF, do Instituto dos Magistrados do Distrito Federal e Grancursos. Foi chefe das delegacias do Guar\u00e1 e de Santa Maria.<\/p>\n<p>&nbsp;<\/p>\n<p>Veja a nota do Sindepo:<\/p>\n<p>Considerando a veicula\u00e7\u00e3o de reportagem no jornal Correio Braziliense, acerca da exist\u00eancia de uma poss\u00edvel conspira\u00e7\u00e3o no movimento de recomposi\u00e7\u00e3o salarial, cumpre esclarecer que:<\/p>\n<p>1) O pleito dos policiais civis n\u00e3o se trata de um pedido de isonomia, pois os policiais civis e federais j\u00e1 possuem o mesmo tratamento remunerat\u00f3rio e o\u00a0mesmo regime jur\u00eddico, baseado na Lei n\u00ba 4878\/1965, raz\u00e3o pela qual se trata de um pedido de manuten\u00e7\u00e3o desta paridade hist\u00f3rica;<\/p>\n<p>2)\u00a0Enquanto todas as categorias do funcionalismo p\u00fablico do GDF tiveram significativos reajustes nos exerc\u00edcios anteriores, em percentuais acima da infla\u00e7\u00e3o, a PCDF n\u00e3o fora contemplada sob o argumento de que n\u00e3o poderia ter tratamento diferenciado da Pol\u00edcia Federal. E agora, a partir do momento em que a pauta da Pol\u00edcia Federal avan\u00e7ou, o GDF alega inver\u00eddicos\u00a0problemas de caixa para n\u00e3o cumprir o acordado;<\/p>\n<p>3)\u00a0Desde 2009, a\u00a0recomposi\u00e7\u00e3o salarial\u00a0nas carreiras da PCDF foi de\u00a0 apenas\u00a015,76%, enquanto o acumulado de infla\u00e7\u00e3o chega a 62,29%, o que resulta em uma perda inflacion\u00e1ria de 46,53%. Vale consignar, que os policiais civis do Distrito Federal, que j\u00e1 perceberam os melhores \u00a0sal\u00e1rios do pa\u00eds dentre as carreiras policiais,\u00a0hoje ocupam apenas\u00a0a d\u00e9cima posi\u00e7\u00e3o;<\/p>\n<p>4) Os investimentos da Uni\u00e3o na PCDF, em especial a paridade de vencimentos com a PF, garantiram a excel\u00eancia da presta\u00e7\u00e3o de servi\u00e7os de nossa institui\u00e7\u00e3o \u00e0 sociedade brasiliense, com os melhores \u00edndices de elucida\u00e7\u00e3o de crimes do Brasil.\u00a0Contudo, as\u00a0graves\u00a0restri\u00e7\u00f5es or\u00e7ament\u00e1rias impostas\u00a0pelo atual Governo, especialmente em rela\u00e7\u00e3o a pol\u00edtica de remunera\u00e7\u00e3o de nossos servidores, p\u00f5em em risco o n\u00edvel de qualidade de nossos servi\u00e7os;<\/p>\n<p>5) O movimento dos policiais civis n\u00e3o possui qualquer conota\u00e7\u00e3o pol\u00edtica interna, uma vez que a decis\u00e3o pela entrega dos cargos comissionados decorreu de delibera\u00e7\u00e3o\u00a0un\u00e2nime de assembleia dos Delegados de Pol\u00edcia e Policiais Civis, que assumiram\u00a0o compromisso de n\u00e3o tomarem posse em nenhum outro cargo;<\/p>\n<p>6)\u00a0At\u00e9 o momento, mais de 90% dos Delegados j\u00e1 colocaram os cargos \u00e0 disposi\u00e7\u00e3o, o que reflete a insatisfa\u00e7\u00e3o generalizada da categoria diante do descaso do governo;<\/p>\n<p>7)\u00a0Os Delegados de Pol\u00edcia n\u00e3o legitimar\u00e3o qualquer pessoa que assuma tais chefias, sendo completamente infundadas as informa\u00e7\u00f5es contidas na reportagem, cujo objetivo foi t\u00e3o somente instigar a cizania interna e deslegitimar um movimento jamais ocorrido na hist\u00f3ria da Pol\u00edcia Civil;<\/p>\n<p>8) Os Delegados citados\u00a0na reportagem s\u00e3o profissionais id\u00f4neos, com muitos anos de servi\u00e7o dedicados \u00e0 popula\u00e7\u00e3o do Distrito Federal em investiga\u00e7\u00f5es policiais complexas, possuindo vastos curr\u00edculos profissionais, sendo injustas e infundadas as afirma\u00e7\u00f5es veiculadas;<\/p>\n<p>9) O Diretor-Geral Eric Seba foi escolhido mediante lista tr\u00edplice apresentada por seus pares, os quais repudiam qualquer tentativa de retirar a legitimidade do gestor eleito, n\u00e3o admitindo que qualquer outra pessoa assuma as suas fun\u00e7\u00f5es;<\/p>\n<p>10) Os Delegados da\u00a0Pol\u00edcia Civil do Distrito Federal reassumem o compromisso com a sociedade, informando que o rompimento gerado com a entrega de cargos \u00e9 com o Governo do Distrito Federal.<\/p>\n<p>A Diretoria<\/p>\n","protected":false},"excerpt":{"rendered":"<p>At\u00e9 o momento, 92,5% dos cargos de delegados em cargos de chefia da Pol\u00edcia Civil do DF foram entregues ao governador Rodrigo Rollemberg para exonera\u00e7\u00e3o. O levantamento \u00e9 do Sindicato dos Delegados de Pol\u00edcia Civil (Sindepo). \u00a0S\u00e3o 198 cargos entregues, sendo 48 plantonistas, chefes e adjuntos de todas as delegacias circunscricionais, al\u00e9m dos diretores de departamentos, de um total de [&hellip;]<\/p>\n","protected":false},"author":9,"featured_media":5403,"comment_status":"open","ping_status":"closed","sticky":false,"template":"","format":"standard","meta":{"footnotes":""},"categories":[234],"tags":[],"class_list":["post-5393","post","type-post","status-publish","format-standard","has-post-thumbnail","hentry","category-cb-poder"],"_links":{"self":[{"href":"https:\/\/blogs.correiobraziliense.com.br\/cbpoder\/wp-json\/wp\/v2\/posts\/5393","targetHints":{"allow":["GET"]}}],"collection":[{"href":"https:\/\/blogs.correiobraziliense.com.br\/cbpoder\/wp-json\/wp\/v2\/posts"}],"about":[{"href":"https:\/\/blogs.correiobraziliense.com.br\/cbpoder\/wp-json\/wp\/v2\/types\/post"}],"author":[{"embeddable":true,"href":"https:\/\/blogs.correiobraziliense.com.br\/cbpoder\/wp-json\/wp\/v2\/users\/9"}],"replies":[{"embeddable":true,"href":"https:\/\/blogs.correiobraziliense.com.br\/cbpoder\/wp-json\/wp\/v2\/comments?post=5393"}],"version-history":[{"count":6,"href":"https:\/\/blogs.correiobraziliense.com.br\/cbpoder\/wp-json\/wp\/v2\/posts\/5393\/revisions"}],"predecessor-version":[{"id":5405,"href":"https:\/\/blogs.correiobraziliense.com.br\/cbpoder\/wp-json\/wp\/v2\/posts\/5393\/revisions\/5405"}],"wp:featuredmedia":[{"embeddable":true,"href":"https:\/\/blogs.correiobraziliense.com.br\/cbpoder\/wp-json\/wp\/v2\/media\/5403"}],"wp:attachment":[{"href":"https:\/\/blogs.correiobraziliense.com.br\/cbpoder\/wp-json\/wp\/v2\/media?parent=5393"}],"wp:term":[{"taxonomy":"category","embeddable":true,"href":"https:\/\/blogs.correiobraziliense.com.br\/cbpoder\/wp-json\/wp\/v2\/categories?post=5393"},{"taxonomy":"post_tag","embeddable":true,"href":"https:\/\/blogs.correiobraziliense.com.br\/cbpoder\/wp-json\/wp\/v2\/tags?post=5393"}],"curies":[{"name":"wp","href":"https:\/\/api.w.org\/{rel}","templated":true}]}}