{"id":5387,"date":"2016-08-19T17:20:16","date_gmt":"2016-08-19T20:20:16","guid":{"rendered":"https:\/\/blogs.correiobraziliense.com.br\/cbpoder\/?p=5387"},"modified":"2016-10-19T19:39:40","modified_gmt":"2016-10-19T21:39:40","slug":"cpi-da-saude-inclui-denuncias-de-liliane-nas-investigacoes-da-comissao","status":"publish","type":"post","link":"https:\/\/blogs.correiobraziliense.com.br\/cbpoder\/cpi-da-saude-inclui-denuncias-de-liliane-nas-investigacoes-da-comissao\/","title":{"rendered":"Comiss\u00e3o da Sa\u00fade inclui den\u00fancias de Liliane Roriz nas investiga\u00e7\u00f5es do colegiado"},"content":{"rendered":"<p>Ot\u00e1vio Augusto<\/p>\n<p>A CPI da Sa\u00fade ampliou o per\u00edodo de abrang\u00eancia da comiss\u00e3o. Agora, a investiga\u00e7\u00e3o ser\u00e1 de 2011 at\u00e9 2016. Com isso, as den\u00fancias da deputada Liliane Roriz (PTB) de suposto esquema de cobran\u00e7a de propina sobre cr\u00e9ditos or\u00e7ament\u00e1rios da C\u00e2mara Legislativa passa a ser investigado pelos deputados.<\/p>\n<p>&nbsp;<\/p>\n<p>Os parlamentares aprovaram por cinco voto \u2014 houve as aus\u00eancias de Bispo Renato (PR) e Rob\u00e9rio Negreiros (PSDB) \u2014 a convoca\u00e7\u00e3o da servidora Samara Silva Pinto. Ela faz parte da equipe da Coordena\u00e7\u00e3o de Or\u00e7amento da C\u00e2mara e pode esclarecer altera\u00e7\u00f5es na emenda que destinou R$ 30 milh\u00f5es a pagamentos de servi\u00e7os de UTI. A proposi\u00e7\u00e3o foi do petista Wasny de Roure.<\/p>\n<p>&nbsp;<\/p>\n<p>Outra pasta ter\u00e1 de prestar esclarecimentos. Os integrantes da CPI querem ouvir explica\u00e7\u00f5es da Secretaria de Educa\u00e7\u00e3o sobre a aplica\u00e7\u00e3o de recursos da Casa em, por exemplo, reforma de escolas.<\/p>\n","protected":false},"excerpt":{"rendered":"<p>Ot\u00e1vio Augusto A CPI da Sa\u00fade ampliou o per\u00edodo de abrang\u00eancia da comiss\u00e3o. Agora, a investiga\u00e7\u00e3o ser\u00e1 de 2011 at\u00e9 2016. Com isso, as den\u00fancias da deputada Liliane Roriz (PTB) de suposto esquema de cobran\u00e7a de propina sobre cr\u00e9ditos or\u00e7ament\u00e1rios da C\u00e2mara Legislativa passa a ser investigado pelos deputados. &nbsp; Os parlamentares aprovaram por cinco voto \u2014 houve as aus\u00eancias [&hellip;]<\/p>\n","protected":false},"author":9,"featured_media":0,"comment_status":"open","ping_status":"open","sticky":false,"template":"","format":"standard","meta":{"footnotes":""},"categories":[234],"tags":[],"class_list":["post-5387","post","type-post","status-publish","format-standard","hentry","category-cb-poder"],"_links":{"self":[{"href":"https:\/\/blogs.correiobraziliense.com.br\/cbpoder\/wp-json\/wp\/v2\/posts\/5387","targetHints":{"allow":["GET"]}}],"collection":[{"href":"https:\/\/blogs.correiobraziliense.com.br\/cbpoder\/wp-json\/wp\/v2\/posts"}],"about":[{"href":"https:\/\/blogs.correiobraziliense.com.br\/cbpoder\/wp-json\/wp\/v2\/types\/post"}],"author":[{"embeddable":true,"href":"https:\/\/blogs.correiobraziliense.com.br\/cbpoder\/wp-json\/wp\/v2\/users\/9"}],"replies":[{"embeddable":true,"href":"https:\/\/blogs.correiobraziliense.com.br\/cbpoder\/wp-json\/wp\/v2\/comments?post=5387"}],"version-history":[{"count":5,"href":"https:\/\/blogs.correiobraziliense.com.br\/cbpoder\/wp-json\/wp\/v2\/posts\/5387\/revisions"}],"predecessor-version":[{"id":5392,"href":"https:\/\/blogs.correiobraziliense.com.br\/cbpoder\/wp-json\/wp\/v2\/posts\/5387\/revisions\/5392"}],"wp:attachment":[{"href":"https:\/\/blogs.correiobraziliense.com.br\/cbpoder\/wp-json\/wp\/v2\/media?parent=5387"}],"wp:term":[{"taxonomy":"category","embeddable":true,"href":"https:\/\/blogs.correiobraziliense.com.br\/cbpoder\/wp-json\/wp\/v2\/categories?post=5387"},{"taxonomy":"post_tag","embeddable":true,"href":"https:\/\/blogs.correiobraziliense.com.br\/cbpoder\/wp-json\/wp\/v2\/tags?post=5387"}],"curies":[{"name":"wp","href":"https:\/\/api.w.org\/{rel}","templated":true}]}}