{"id":5377,"date":"2016-08-19T14:44:12","date_gmt":"2016-08-19T17:44:12","guid":{"rendered":"https:\/\/blogs.correiobraziliense.com.br\/cbpoder\/?p=5377"},"modified":"2016-10-19T19:39:44","modified_gmt":"2016-10-19T21:39:44","slug":"testemunha-afirma-ao-mp-que-distritais-cobraram-propina-para-liberar-dinheiro","status":"publish","type":"post","link":"https:\/\/blogs.correiobraziliense.com.br\/cbpoder\/testemunha-afirma-ao-mp-que-distritais-cobraram-propina-para-liberar-dinheiro\/","title":{"rendered":"Testemunha afirma ao MP que distritais cobraram propina para liberar dinheiro"},"content":{"rendered":"<p>&nbsp;<\/p>\n<p>ISA STACCIARINI<\/p>\n<p>Um empres\u00e1rio do ramo de constru\u00e7\u00e3o afirmou em depoimento ao Minist\u00e9rio P\u00fablico do Distrito Federal e Territ\u00f3rios (MPDFT) que, durante um almo\u00e7o realizado na churrascaria Fogo de Ch\u00e3o, dois distritais tentaram extorqui-lo. Dois deputados que integram a Mesa Diretora\u00a0teriam participado do encontro, de acordo com o depoimento, para cobrar um percentual do \u00a0repasse autorizado pela C\u00e2mara. A ideia dos parlamentares,\u00a0segundo a testemunha, era exigir propina para liberar uma sobra or\u00e7ament\u00e1ria da C\u00e2mara Legislativa \u00e0\u00a0reforma de escolas da rede p\u00fablica de ensino. Segundo o investidor do setor, os deputados teriam dito que estavam endividados com restos a pagar da campanha eleitoral de 2014. Mesmo pressionado, o empres\u00e1rio negou.<\/p>\n<p>&nbsp;<\/p>\n<p>Esse \u00e9 mais um cap\u00edtulo do suposto esc\u00e2ndalo da sa\u00fade envolvendo ind\u00edcios de participa\u00e7\u00e3o de integrantes do Legislativo local. Dos R$ 31 milh\u00f5es que sobraram no or\u00e7amento, R$ 30 milh\u00f5es foram destinados ao pagamento de d\u00edvidas anteriores de Unidades de Terapia Intensiva (UTIs) de hospitais da rede p\u00fablica. Segundo depoimento do empres\u00e1rio ao MPDFT, R$ 1 milh\u00e3o acabou sendo repassado para o projeto que o beneficiaria. Ele contou aos promotores que, depois, acabou surpreendido com um emiss\u00e1rio dos parlamentares que cobrava repasse do percentual em cima do dinheiro.<\/p>\n","protected":false},"excerpt":{"rendered":"<p>&nbsp; ISA STACCIARINI Um empres\u00e1rio do ramo de constru\u00e7\u00e3o afirmou em depoimento ao Minist\u00e9rio P\u00fablico do Distrito Federal e Territ\u00f3rios (MPDFT) que, durante um almo\u00e7o realizado na churrascaria Fogo de Ch\u00e3o, dois distritais tentaram extorqui-lo. Dois deputados que integram a Mesa Diretora\u00a0teriam participado do encontro, de acordo com o depoimento, para cobrar um percentual do \u00a0repasse autorizado pela C\u00e2mara. A [&hellip;]<\/p>\n","protected":false},"author":9,"featured_media":0,"comment_status":"open","ping_status":"open","sticky":false,"template":"","format":"standard","meta":{"footnotes":""},"categories":[234],"tags":[],"class_list":["post-5377","post","type-post","status-publish","format-standard","hentry","category-cb-poder"],"_links":{"self":[{"href":"https:\/\/blogs.correiobraziliense.com.br\/cbpoder\/wp-json\/wp\/v2\/posts\/5377","targetHints":{"allow":["GET"]}}],"collection":[{"href":"https:\/\/blogs.correiobraziliense.com.br\/cbpoder\/wp-json\/wp\/v2\/posts"}],"about":[{"href":"https:\/\/blogs.correiobraziliense.com.br\/cbpoder\/wp-json\/wp\/v2\/types\/post"}],"author":[{"embeddable":true,"href":"https:\/\/blogs.correiobraziliense.com.br\/cbpoder\/wp-json\/wp\/v2\/users\/9"}],"replies":[{"embeddable":true,"href":"https:\/\/blogs.correiobraziliense.com.br\/cbpoder\/wp-json\/wp\/v2\/comments?post=5377"}],"version-history":[{"count":1,"href":"https:\/\/blogs.correiobraziliense.com.br\/cbpoder\/wp-json\/wp\/v2\/posts\/5377\/revisions"}],"predecessor-version":[{"id":5378,"href":"https:\/\/blogs.correiobraziliense.com.br\/cbpoder\/wp-json\/wp\/v2\/posts\/5377\/revisions\/5378"}],"wp:attachment":[{"href":"https:\/\/blogs.correiobraziliense.com.br\/cbpoder\/wp-json\/wp\/v2\/media?parent=5377"}],"wp:term":[{"taxonomy":"category","embeddable":true,"href":"https:\/\/blogs.correiobraziliense.com.br\/cbpoder\/wp-json\/wp\/v2\/categories?post=5377"},{"taxonomy":"post_tag","embeddable":true,"href":"https:\/\/blogs.correiobraziliense.com.br\/cbpoder\/wp-json\/wp\/v2\/tags?post=5377"}],"curies":[{"name":"wp","href":"https:\/\/api.w.org\/{rel}","templated":true}]}}