{"id":5325,"date":"2016-08-18T14:12:19","date_gmt":"2016-08-18T17:12:19","guid":{"rendered":"https:\/\/blogs.correiobraziliense.com.br\/cbpoder\/?p=5325"},"modified":"2016-10-19T19:39:49","modified_gmt":"2016-10-19T21:39:49","slug":"foi-uma-armacao-alega-celina-leao-assista-video-com-declaracoes-da-deputada","status":"publish","type":"post","link":"https:\/\/blogs.correiobraziliense.com.br\/cbpoder\/foi-uma-armacao-alega-celina-leao-assista-video-com-declaracoes-da-deputada\/","title":{"rendered":"&#8220;Foi uma arma\u00e7\u00e3o&#8221;, alega Celina Le\u00e3o. Assista v\u00eddeo da deputada acusada de cobrar propina"},"content":{"rendered":"<p>A deputada Celina Le\u00e3o (PPS), presidente da C\u00e2mara Legislativa, falou sobre as den\u00fancias de cobran\u00e7a de propina na Mesa Diretora. O esquema facilitou\u00a0a libera\u00e7\u00e3o de recursos para empresas do setor de UTI. Confira trecho da entrevista, gravada pelo rep\u00f3rter Ot\u00e1vio Augusto:<\/p>\n<p>&nbsp;<\/p>\n<p>&nbsp;<\/p>\n<p><iframe loading=\"lazy\" width=\"1440\" height=\"810\" src=\"https:\/\/www.youtube.com\/embed\/_wV1i5UHWJI?feature=oembed\" frameborder=\"0\" allowfullscreen><\/iframe><\/p>\n","protected":false},"excerpt":{"rendered":"<p>A deputada Celina Le\u00e3o (PPS), presidente da C\u00e2mara Legislativa, falou sobre as den\u00fancias de cobran\u00e7a de propina na Mesa Diretora. O esquema facilitou\u00a0a libera\u00e7\u00e3o de recursos para empresas do setor de UTI. Confira trecho da entrevista, gravada pelo rep\u00f3rter Ot\u00e1vio Augusto: &nbsp; &nbsp;<\/p>\n","protected":false},"author":9,"featured_media":5326,"comment_status":"open","ping_status":"open","sticky":false,"template":"","format":"standard","meta":{"footnotes":""},"categories":[234],"tags":[],"class_list":["post-5325","post","type-post","status-publish","format-standard","has-post-thumbnail","hentry","category-cb-poder"],"_links":{"self":[{"href":"https:\/\/blogs.correiobraziliense.com.br\/cbpoder\/wp-json\/wp\/v2\/posts\/5325","targetHints":{"allow":["GET"]}}],"collection":[{"href":"https:\/\/blogs.correiobraziliense.com.br\/cbpoder\/wp-json\/wp\/v2\/posts"}],"about":[{"href":"https:\/\/blogs.correiobraziliense.com.br\/cbpoder\/wp-json\/wp\/v2\/types\/post"}],"author":[{"embeddable":true,"href":"https:\/\/blogs.correiobraziliense.com.br\/cbpoder\/wp-json\/wp\/v2\/users\/9"}],"replies":[{"embeddable":true,"href":"https:\/\/blogs.correiobraziliense.com.br\/cbpoder\/wp-json\/wp\/v2\/comments?post=5325"}],"version-history":[{"count":3,"href":"https:\/\/blogs.correiobraziliense.com.br\/cbpoder\/wp-json\/wp\/v2\/posts\/5325\/revisions"}],"predecessor-version":[{"id":5333,"href":"https:\/\/blogs.correiobraziliense.com.br\/cbpoder\/wp-json\/wp\/v2\/posts\/5325\/revisions\/5333"}],"wp:featuredmedia":[{"embeddable":true,"href":"https:\/\/blogs.correiobraziliense.com.br\/cbpoder\/wp-json\/wp\/v2\/media\/5326"}],"wp:attachment":[{"href":"https:\/\/blogs.correiobraziliense.com.br\/cbpoder\/wp-json\/wp\/v2\/media?parent=5325"}],"wp:term":[{"taxonomy":"category","embeddable":true,"href":"https:\/\/blogs.correiobraziliense.com.br\/cbpoder\/wp-json\/wp\/v2\/categories?post=5325"},{"taxonomy":"post_tag","embeddable":true,"href":"https:\/\/blogs.correiobraziliense.com.br\/cbpoder\/wp-json\/wp\/v2\/tags?post=5325"}],"curies":[{"name":"wp","href":"https:\/\/api.w.org\/{rel}","templated":true}]}}