{"id":5315,"date":"2016-08-18T12:23:30","date_gmt":"2016-08-18T15:23:30","guid":{"rendered":"https:\/\/blogs.correiobraziliense.com.br\/cbpoder\/?p=5315"},"modified":"2016-10-19T19:39:50","modified_gmt":"2016-10-19T21:39:50","slug":"celina-leao-atribui-denuncias-ao-governador-ele-esta-fazendo-isso-porque-cpi-envolve-familia-dele","status":"publish","type":"post","link":"https:\/\/blogs.correiobraziliense.com.br\/cbpoder\/celina-leao-atribui-denuncias-ao-governador-ele-esta-fazendo-isso-porque-cpi-envolve-familia-dele\/","title":{"rendered":"Celina Le\u00e3o atribui den\u00fancias ao governador: &#8220;Ele est\u00e1 fazendo isso porque a CPI envolve a fam\u00edlia dele&#8221;"},"content":{"rendered":"<p>Ot\u00e1vio Augusto<\/p>\n<p>A presidente da C\u00e2mara Legislativa, Celina Le\u00e3o (PPS), falou sobre as den\u00fancias de cobran\u00e7a de propina na manh\u00e3 desta quinta-feira (18). Depois de participar de uma reuni\u00e3o com os integrantes da Mesa Diretora, a deputada partiu para o ataque contra a autora das den\u00fancias, a distrital Liliane Roriz (PTB). Celina tamb\u00e9m disparou contra\u00a0o Buriti e atribuiu a divulga\u00e7\u00e3o do esc\u00e2ndalo a Rodrigo Rollemberg. &#8220;O governador est\u00e1 fazendo isso porque a CPI envolve a fam\u00edlia dele&#8221;, acusou a presidente da C\u00e2mara. &#8220;Liliane mente e est\u00e1 fazendo isso a mando do Buriti. Temos muita tranquilidade e vamos desmascar\u00e1-la&#8221;, acrescentou Celina.<\/p>\n<p>&nbsp;<\/p>\n<p>Sobre as conversas gravadas em que declara empregar at\u00e9 analfabetos em seu gabinete para retribuir apoio em campanha, Celina disse que se tratam de &#8220;pessoas competentes e de boa \u00edndole&#8221;. &#8220;Tenho gente muito simples, sim, no meu gabinete. Mas \u00e9 gente competente que trabalhou comigo na campanha&#8221;, afirmou. A presidente da C\u00e2mara disse que vai reunir documentos para rebater as acusa\u00e7\u00f5es de Liliane Roriz. &#8220;Ela montou um circo para sair do foco das investiga\u00e7\u00f5es, justamente no dia em que seria julgada. Ela fez isso como forma de retalia\u00e7\u00e3o&#8221;, garantiu Celina Le\u00e3o. \u00a0Ela negou ter negociado cargos com uma empresa vencedora de licita\u00e7\u00e3o na Casa. Sobre os coment\u00e1rios a respeito do suposto uso de maconha por parte do governador Rodrigo Rollemberg, ela afirmou que as declara\u00e7\u00f5es foram retiradas de contexto. &#8220;Falei aquilo em um almo\u00e7o informal, de concilia\u00e7\u00e3o. Ela foi leviana de tirar as falas de contexto&#8221;.<\/p>\n<p>&nbsp;<\/p>\n<p>&nbsp;<\/p>\n<p>&nbsp;<\/p>\n<p>&nbsp;<\/p>\n<p>Ou\u00e7a novamente os \u00e1udios gravados pela deputada Liliane Roriz em conversas com Celina Le\u00e3o e Val\u00e9rio Neves, ex-secret\u00e1rio-geral da C\u00e2mara Legislativa. O caso foi revelado na \u00faltima quarta-feira pelo jornal <em>O Globo.<\/em><\/p>\n<p>[soundcloud url=&#8221;https:\/\/api.soundcloud.com\/tracks\/278818240&#8243; params=&#8221;auto_play=false&amp;hide_related=false&amp;show_comments=true&amp;show_user=true&amp;show_reposts=false&amp;visual=true&#8221; width=&#8221;100%&#8221; height=&#8221;450&#8243; iframe=&#8221;true&#8221; \/]<\/p>\n","protected":false},"excerpt":{"rendered":"<p>Ot\u00e1vio Augusto A presidente da C\u00e2mara Legislativa, Celina Le\u00e3o (PPS), falou sobre as den\u00fancias de cobran\u00e7a de propina na manh\u00e3 desta quinta-feira (18). Depois de participar de uma reuni\u00e3o com os integrantes da Mesa Diretora, a deputada partiu para o ataque contra a autora das den\u00fancias, a distrital Liliane Roriz (PTB). Celina tamb\u00e9m disparou contra\u00a0o Buriti e atribuiu a divulga\u00e7\u00e3o [&hellip;]<\/p>\n","protected":false},"author":9,"featured_media":5316,"comment_status":"open","ping_status":"open","sticky":false,"template":"","format":"standard","meta":{"footnotes":""},"categories":[234],"tags":[],"class_list":["post-5315","post","type-post","status-publish","format-standard","has-post-thumbnail","hentry","category-cb-poder"],"_links":{"self":[{"href":"https:\/\/blogs.correiobraziliense.com.br\/cbpoder\/wp-json\/wp\/v2\/posts\/5315","targetHints":{"allow":["GET"]}}],"collection":[{"href":"https:\/\/blogs.correiobraziliense.com.br\/cbpoder\/wp-json\/wp\/v2\/posts"}],"about":[{"href":"https:\/\/blogs.correiobraziliense.com.br\/cbpoder\/wp-json\/wp\/v2\/types\/post"}],"author":[{"embeddable":true,"href":"https:\/\/blogs.correiobraziliense.com.br\/cbpoder\/wp-json\/wp\/v2\/users\/9"}],"replies":[{"embeddable":true,"href":"https:\/\/blogs.correiobraziliense.com.br\/cbpoder\/wp-json\/wp\/v2\/comments?post=5315"}],"version-history":[{"count":6,"href":"https:\/\/blogs.correiobraziliense.com.br\/cbpoder\/wp-json\/wp\/v2\/posts\/5315\/revisions"}],"predecessor-version":[{"id":5322,"href":"https:\/\/blogs.correiobraziliense.com.br\/cbpoder\/wp-json\/wp\/v2\/posts\/5315\/revisions\/5322"}],"wp:featuredmedia":[{"embeddable":true,"href":"https:\/\/blogs.correiobraziliense.com.br\/cbpoder\/wp-json\/wp\/v2\/media\/5316"}],"wp:attachment":[{"href":"https:\/\/blogs.correiobraziliense.com.br\/cbpoder\/wp-json\/wp\/v2\/media?parent=5315"}],"wp:term":[{"taxonomy":"category","embeddable":true,"href":"https:\/\/blogs.correiobraziliense.com.br\/cbpoder\/wp-json\/wp\/v2\/categories?post=5315"},{"taxonomy":"post_tag","embeddable":true,"href":"https:\/\/blogs.correiobraziliense.com.br\/cbpoder\/wp-json\/wp\/v2\/tags?post=5315"}],"curies":[{"name":"wp","href":"https:\/\/api.w.org\/{rel}","templated":true}]}}