{"id":5307,"date":"2016-08-18T10:56:39","date_gmt":"2016-08-18T13:56:39","guid":{"rendered":"https:\/\/blogs.correiobraziliense.com.br\/cbpoder\/?p=5307"},"modified":"2016-10-19T19:39:51","modified_gmt":"2016-10-19T21:39:51","slug":"camara-legislativa-se-reune-depois-do-escandalo-de-cobranca-de-propina","status":"publish","type":"post","link":"https:\/\/blogs.correiobraziliense.com.br\/cbpoder\/camara-legislativa-se-reune-depois-do-escandalo-de-cobranca-de-propina\/","title":{"rendered":"C\u00e2mara se re\u00fane depois do esc\u00e2ndalo de cobran\u00e7a de propina. Destino da CPI da Sa\u00fade \u00e9 inc\u00f3gnita"},"content":{"rendered":"<p>Ot\u00e1vio Augusto<\/p>\n<p>No primeiro dia depois das den\u00fancias de cobran\u00e7a de propina pela Mesa Diretora, a C\u00e2mara Legislativa est\u00e1 lotada de assessores, deputados e jornalistas. Os integrantes da c\u00fapula da C\u00e2mara Legislativa est\u00e3o reunidos para discutir como proceder diante das den\u00fancias que atingem os cinco distritais da Mesa. A expectativa \u00e9 que a presidente, Celina Le\u00e3o (PPS), d\u00ea entrevista coletiva depois do encontro. O deputado Raimundo Ribeiro (PPS), um dos integrantes da Mesa Diretora, defendeu que todas as den\u00fancias sejam apuradas. &#8220;Est\u00e1 muito recente para tirar conclus\u00f5es ainda. A C\u00e2mara tem que buscar o Minist\u00e9rio P\u00fablico&#8221;, defendeu. O ex-secret\u00e1rio de Sa\u00fade F\u00e1bio Gondim, convocado para prestar depoimento na CPI da Sa\u00fade nesta quinta-feira, j\u00e1 chegou \u00e0 Casa. Mas ainda h\u00e1 d\u00favidas sobre o andamento da comiss\u00e3o. O distrital professor Israel (PV) defende que a CPI n\u00e3o tem condi\u00e7\u00f5es de continuar os trabalhos. J\u00e1 Lira (PHS) declarou que a apura\u00e7\u00e3o das den\u00fancias tem que continuar.<\/p>\n<p>&nbsp;<\/p>\n<p>&nbsp;<\/p>\n","protected":false},"excerpt":{"rendered":"<p>Ot\u00e1vio Augusto No primeiro dia depois das den\u00fancias de cobran\u00e7a de propina pela Mesa Diretora, a C\u00e2mara Legislativa est\u00e1 lotada de assessores, deputados e jornalistas. Os integrantes da c\u00fapula da C\u00e2mara Legislativa est\u00e3o reunidos para discutir como proceder diante das den\u00fancias que atingem os cinco distritais da Mesa. A expectativa \u00e9 que a presidente, Celina Le\u00e3o (PPS), d\u00ea entrevista coletiva [&hellip;]<\/p>\n","protected":false},"author":9,"featured_media":5308,"comment_status":"open","ping_status":"open","sticky":false,"template":"","format":"standard","meta":{"footnotes":""},"categories":[234],"tags":[],"class_list":["post-5307","post","type-post","status-publish","format-standard","has-post-thumbnail","hentry","category-cb-poder"],"_links":{"self":[{"href":"https:\/\/blogs.correiobraziliense.com.br\/cbpoder\/wp-json\/wp\/v2\/posts\/5307","targetHints":{"allow":["GET"]}}],"collection":[{"href":"https:\/\/blogs.correiobraziliense.com.br\/cbpoder\/wp-json\/wp\/v2\/posts"}],"about":[{"href":"https:\/\/blogs.correiobraziliense.com.br\/cbpoder\/wp-json\/wp\/v2\/types\/post"}],"author":[{"embeddable":true,"href":"https:\/\/blogs.correiobraziliense.com.br\/cbpoder\/wp-json\/wp\/v2\/users\/9"}],"replies":[{"embeddable":true,"href":"https:\/\/blogs.correiobraziliense.com.br\/cbpoder\/wp-json\/wp\/v2\/comments?post=5307"}],"version-history":[{"count":4,"href":"https:\/\/blogs.correiobraziliense.com.br\/cbpoder\/wp-json\/wp\/v2\/posts\/5307\/revisions"}],"predecessor-version":[{"id":5312,"href":"https:\/\/blogs.correiobraziliense.com.br\/cbpoder\/wp-json\/wp\/v2\/posts\/5307\/revisions\/5312"}],"wp:featuredmedia":[{"embeddable":true,"href":"https:\/\/blogs.correiobraziliense.com.br\/cbpoder\/wp-json\/wp\/v2\/media\/5308"}],"wp:attachment":[{"href":"https:\/\/blogs.correiobraziliense.com.br\/cbpoder\/wp-json\/wp\/v2\/media?parent=5307"}],"wp:term":[{"taxonomy":"category","embeddable":true,"href":"https:\/\/blogs.correiobraziliense.com.br\/cbpoder\/wp-json\/wp\/v2\/categories?post=5307"},{"taxonomy":"post_tag","embeddable":true,"href":"https:\/\/blogs.correiobraziliense.com.br\/cbpoder\/wp-json\/wp\/v2\/tags?post=5307"}],"curies":[{"name":"wp","href":"https:\/\/api.w.org\/{rel}","templated":true}]}}