{"id":5246,"date":"2016-08-16T11:44:52","date_gmt":"2016-08-16T14:44:52","guid":{"rendered":"https:\/\/blogs.correiobraziliense.com.br\/cbpoder\/?p=5246"},"modified":"2016-10-19T19:39:53","modified_gmt":"2016-10-19T21:39:53","slug":"os-policiais-estao-chateados-e-nao-estao-blefando-diz-eric-seba-diretor-geral-da-policia-civil","status":"publish","type":"post","link":"https:\/\/blogs.correiobraziliense.com.br\/cbpoder\/os-policiais-estao-chateados-e-nao-estao-blefando-diz-eric-seba-diretor-geral-da-policia-civil\/","title":{"rendered":"&#8220;Os policiais est\u00e3o chateados e n\u00e3o est\u00e3o blefando&#8221;, diz Eric Seba, diretor-geral da Pol\u00edcia Civil"},"content":{"rendered":"<p><strong>ISA STACCIARINI<\/strong><\/p>\n<p>No dia em que delegados e policiais civis prometem entregar cargos de chefia, o diretor-geral da Pol\u00edcia Civil, Eric Seba, confirmou que, embora boa parte da categoria esteja insatisfeita e ameace abrir m\u00e3o das fun\u00e7\u00f5es de chefia, a c\u00fapula da corpora\u00e7\u00e3o tenta conduzir o processo com responsabilidade para n\u00e3o comprometer a Pol\u00edcia Civil. \u201cAs palavras que eu tenho mais ouvido ultimamente s\u00e3o\u00a0humilha\u00e7\u00e3o, indigna\u00e7\u00e3o, desprezo. Os policiais\u00a0est\u00e3o chateados e n\u00e3o est\u00e3o blefando. Ao mesmo tempo, a entrega de chefia n\u00e3o oferece um resultado final. Denota insatisfa\u00e7\u00e3o. Mas os servidores buscam sentido em dar solu\u00e7\u00e3o para o impasse que atenda a categoria\u201d, destacou.<\/p>\n<p>&nbsp;<\/p>\n<p>Seba evitou falar sobre a declara\u00e7\u00e3o do\u00a0Sindicato dos Delegados de Pol\u00edcia Civil de que\u00a0at\u00e9 o diretor-geral estaria disposto a entregar o cargo. \u201cFoi dito, em assembleia no sindicato, que havendo uma entrega de chefia das se\u00e7\u00f5es e de delegados chefes, os diretores de divis\u00e3o acabariam ficando inviabilizados. E, se houvesse uma entrega por parte dos diretores de departamentos, inviabilizaria a dire\u00e7\u00e3o. N\u00e3o daria\u201d, esclareceu.<\/p>\n<p>&nbsp;<\/p>\n<p>Preocupado com o cen\u00e1rio que se desenha, o diretor-geral confirmou que existe um compromisso profissional de todos os diretores. \u201cExiste uma responsabilidade de gest\u00e3o da institui\u00e7\u00e3o da qual n\u00e3o se pode abrir m\u00e3o. Se tiver que haver troca ou mudan\u00e7a na c\u00fapula da Pol\u00edcia Civil, come\u00e7ando pelo pr\u00f3prio diretor, que seja feito com responsabilidade. Nossa fun\u00e7\u00e3o \u00e9 estritamente t\u00e9cnica e n\u00e3o de ficar apegada a status de cargo ou valores de gratifica\u00e7\u00e3o. Por enquanto algo a for\u00e7a \u00e9 na preserva\u00e7\u00e3o da institui\u00e7\u00e3o\u201d, alegou.<\/p>\n<p>&nbsp;<\/p>\n<p>Na noite de segunda-feira (15\/8) o governador Rodrigo Rollemberg (PSB) chamou o diretor-geral da Pol\u00edcia Civil para uma reuni\u00e3o a portas fechadas. Segundo Seba, o chefe do Executivo local manifestou inten\u00e7\u00e3o de procurar equacionar o impasse. \u201cMais uma vez, ele comprometeu sanar os problemas financeiros por v\u00e1rios caminhos, para que possa dar um atendimento (ao pleito). N\u00e3o o ideal, mas o razo\u00e1vel. Talvez com os mesmos percentuais (oferecido \u00e0 Pol\u00edcia Federal), mas mudando as datas. Acredito que seja verdadeiro e quero acreditar no alcance do resultado, mas, \u00e0s vezes, o tempo que precisa n\u00e3o \u00e9 o que o servidor gostaria que acontecesse\u201d, ressaltou. \u201cO governador est\u00e1 empenhado para equacionar o atendimento do pleito, mas n\u00e3o estipulou data.\u201d<\/p>\n<p>&nbsp;<\/p>\n<p>Segundo ele, n\u00e3o existe, at\u00e9 o momento, tend\u00eancia em movimento de paralisa\u00e7\u00e3o dos servidores. No entanto, caso seja deflagrada uma greve em assembleia na tarde desta ter\u00e7a-feira (16\/8), Seba refor\u00e7ou a necessidade de conversa com a categoria. \u201cVamos pedir bom senso para manter certa tranquilidade dos servidores para conduzir o processo de forma mais tranquila, sem maiores desgastes e sempre respeitando a sociedade sem trazer preju\u00edzos\u201d, garantiu.<\/p>\n<p>&nbsp;<\/p>\n<p>Seba refor\u00e7ou, ainda, que a dire\u00e7\u00e3o est\u00e1 empenhada para buscar solu\u00e7\u00f5es, inclusive, se for preciso, junto ao governo federal em algumas interlocu\u00e7\u00f5es. \u201c\u00c9 uma forma equivocada de pensar que, se houver entrega de cargo, ningu\u00e9m vai ocupar. \u00c9 uma inverdade, porque algu\u00e9m vai ocupar. A despesa precisa ser ordenada, a m\u00e1quina tem de andar. Existe uma situa\u00e7\u00e3o que precisa ser medida com muita cautela e a gente tem de manter a sociedade preservada\u201d, refor\u00e7ou.<\/p>\n<p>&nbsp;<\/p>\n<p>Em rela\u00e7\u00e3o \u00e0\u00a0mobiliza\u00e7\u00e3o de policiais militares para pressionar o Governo do Distrito Federal (GDF) em conseguir o mesmo reajuste salarial que for oferecido a\u00a0policiais civis, Seba ressaltou que teria ouvido manifesta\u00e7\u00f5es neste sentido. \u201cEscutei que isso poderia ter causado algum tipo de posterga\u00e7\u00e3o do processo, mas, efetivamente, n\u00e3o tenho como confirmar, pois n\u00e3o tenho nada que comprove. A dificuldade financeira afeta o pa\u00eds inteiro e acaba interferindo nos processos\u201d, esclareceu.<\/p>\n","protected":false},"excerpt":{"rendered":"<p>ISA STACCIARINI No dia em que delegados e policiais civis prometem entregar cargos de chefia, o diretor-geral da Pol\u00edcia Civil, Eric Seba, confirmou que, embora boa parte da categoria esteja insatisfeita e ameace abrir m\u00e3o das fun\u00e7\u00f5es de chefia, a c\u00fapula da corpora\u00e7\u00e3o tenta conduzir o processo com responsabilidade para n\u00e3o comprometer a Pol\u00edcia Civil. \u201cAs palavras que eu tenho [&hellip;]<\/p>\n","protected":false},"author":9,"featured_media":5247,"comment_status":"open","ping_status":"open","sticky":false,"template":"","format":"standard","meta":{"footnotes":""},"categories":[234],"tags":[],"class_list":["post-5246","post","type-post","status-publish","format-standard","has-post-thumbnail","hentry","category-cb-poder"],"_links":{"self":[{"href":"https:\/\/blogs.correiobraziliense.com.br\/cbpoder\/wp-json\/wp\/v2\/posts\/5246","targetHints":{"allow":["GET"]}}],"collection":[{"href":"https:\/\/blogs.correiobraziliense.com.br\/cbpoder\/wp-json\/wp\/v2\/posts"}],"about":[{"href":"https:\/\/blogs.correiobraziliense.com.br\/cbpoder\/wp-json\/wp\/v2\/types\/post"}],"author":[{"embeddable":true,"href":"https:\/\/blogs.correiobraziliense.com.br\/cbpoder\/wp-json\/wp\/v2\/users\/9"}],"replies":[{"embeddable":true,"href":"https:\/\/blogs.correiobraziliense.com.br\/cbpoder\/wp-json\/wp\/v2\/comments?post=5246"}],"version-history":[{"count":1,"href":"https:\/\/blogs.correiobraziliense.com.br\/cbpoder\/wp-json\/wp\/v2\/posts\/5246\/revisions"}],"predecessor-version":[{"id":5248,"href":"https:\/\/blogs.correiobraziliense.com.br\/cbpoder\/wp-json\/wp\/v2\/posts\/5246\/revisions\/5248"}],"wp:featuredmedia":[{"embeddable":true,"href":"https:\/\/blogs.correiobraziliense.com.br\/cbpoder\/wp-json\/wp\/v2\/media\/5247"}],"wp:attachment":[{"href":"https:\/\/blogs.correiobraziliense.com.br\/cbpoder\/wp-json\/wp\/v2\/media?parent=5246"}],"wp:term":[{"taxonomy":"category","embeddable":true,"href":"https:\/\/blogs.correiobraziliense.com.br\/cbpoder\/wp-json\/wp\/v2\/categories?post=5246"},{"taxonomy":"post_tag","embeddable":true,"href":"https:\/\/blogs.correiobraziliense.com.br\/cbpoder\/wp-json\/wp\/v2\/tags?post=5246"}],"curies":[{"name":"wp","href":"https:\/\/api.w.org\/{rel}","templated":true}]}}