{"id":5228,"date":"2016-08-15T11:27:44","date_gmt":"2016-08-15T14:27:44","guid":{"rendered":"https:\/\/blogs.correiobraziliense.com.br\/cbpoder\/?p=5228"},"modified":"2016-10-19T19:40:37","modified_gmt":"2016-10-19T21:40:37","slug":"vice-governador-falta-acareacao-com-marli-rodrigues-na-cpi","status":"publish","type":"post","link":"https:\/\/blogs.correiobraziliense.com.br\/cbpoder\/vice-governador-falta-acareacao-com-marli-rodrigues-na-cpi\/","title":{"rendered":"Vice-governador falta \u00e0 acarea\u00e7\u00e3o com Marli na CPI"},"content":{"rendered":"<p><strong>Ot\u00e1vio Augusto<\/strong><\/p>\n<p>Convidado para uma acarea\u00e7\u00e3o\u00a0na CPI da Sa\u00fade, o vice-governador Renato Santana desistiu de participar do confronto. \u00a0Em carta assinada pelo advogado, ele alegou que &#8220;j\u00e1 contribuiu com a investiga\u00e7\u00e3o na outra vez que compareceu espontaneamente&#8221;. Santana esteve na C\u00e2mara Legislativa em 21 de junho.<\/p>\n<p>&nbsp;<\/p>\n<p>Marli Rodrigues, presidente do Sindicato dos Servidores da Sa\u00fade (Sindsa\u00fade), estranhou a aus\u00eancia\u00a0de Santana. A sindicalista citou pelo menos cinco encontros com o n\u00famero dois do Pal\u00e1cio do Buriti. &#8220;N\u00e3o sou amiga, mas n\u00e3o sou uma pessoas estranha. Todos os encontros foram gravados&#8221;, afirmou.\u00a0N\u00e3o h\u00e1 mais grava\u00e7\u00f5es a serem reveladas, segundo Marli, que envolvam integrantes do Executivo. &#8220;N\u00e3o tenho mais nada em meu poder. N\u00e3o h\u00e1 mais nada que possa vir \u00e0 tona em rela\u00e7\u00e3o \u00e0 membros do Executivo&#8221;, declarou.<\/p>\n<p>&nbsp;<\/p>\n<p>Com a negativa da sindicalista, o deputado Roosevelt Vilela (PSB) pediu que o Minist\u00e9rio P\u00fablico (MPDFT) ajude a C\u00e2mara Legislativa na investiga\u00e7\u00e3o. &#8220;O \u00f3rg\u00e3o n\u00e3o \u00e9 obrigado a mandar documentos, mas poderia ajudar num trabalho conjunto de apura\u00e7\u00e3o. Durante a sess\u00e3o desta segunda,\u00a0parlamentares reclamaram do vazamento de \u00e1udios. Segundo o deputado Weellinton Luiz (PMDB), presidente da CPI, o conte\u00fado deveria ter sido entregue aos \u00f3rg\u00e3os de investiga\u00e7\u00e3o e a C\u00e2mara. &#8220;Temos tido muita dificuldade. Procuramos entender a resist\u00eancia desse conte\u00fado chegar aqui. N\u00e3o sei qual \u00e9 a preocupa\u00e7\u00e3o&#8221;, reclamou.<\/p>\n<p>&nbsp;<\/p>\n","protected":false},"excerpt":{"rendered":"<p>Ot\u00e1vio Augusto Convidado para uma acarea\u00e7\u00e3o\u00a0na CPI da Sa\u00fade, o vice-governador Renato Santana desistiu de participar do confronto. \u00a0Em carta assinada pelo advogado, ele alegou que &#8220;j\u00e1 contribuiu com a investiga\u00e7\u00e3o na outra vez que compareceu espontaneamente&#8221;. Santana esteve na C\u00e2mara Legislativa em 21 de junho. &nbsp; Marli Rodrigues, presidente do Sindicato dos Servidores da Sa\u00fade (Sindsa\u00fade), estranhou a aus\u00eancia\u00a0de [&hellip;]<\/p>\n","protected":false},"author":9,"featured_media":5229,"comment_status":"open","ping_status":"open","sticky":false,"template":"","format":"standard","meta":{"footnotes":""},"categories":[234],"tags":[],"class_list":["post-5228","post","type-post","status-publish","format-standard","has-post-thumbnail","hentry","category-cb-poder"],"_links":{"self":[{"href":"https:\/\/blogs.correiobraziliense.com.br\/cbpoder\/wp-json\/wp\/v2\/posts\/5228","targetHints":{"allow":["GET"]}}],"collection":[{"href":"https:\/\/blogs.correiobraziliense.com.br\/cbpoder\/wp-json\/wp\/v2\/posts"}],"about":[{"href":"https:\/\/blogs.correiobraziliense.com.br\/cbpoder\/wp-json\/wp\/v2\/types\/post"}],"author":[{"embeddable":true,"href":"https:\/\/blogs.correiobraziliense.com.br\/cbpoder\/wp-json\/wp\/v2\/users\/9"}],"replies":[{"embeddable":true,"href":"https:\/\/blogs.correiobraziliense.com.br\/cbpoder\/wp-json\/wp\/v2\/comments?post=5228"}],"version-history":[{"count":2,"href":"https:\/\/blogs.correiobraziliense.com.br\/cbpoder\/wp-json\/wp\/v2\/posts\/5228\/revisions"}],"predecessor-version":[{"id":5231,"href":"https:\/\/blogs.correiobraziliense.com.br\/cbpoder\/wp-json\/wp\/v2\/posts\/5228\/revisions\/5231"}],"wp:featuredmedia":[{"embeddable":true,"href":"https:\/\/blogs.correiobraziliense.com.br\/cbpoder\/wp-json\/wp\/v2\/media\/5229"}],"wp:attachment":[{"href":"https:\/\/blogs.correiobraziliense.com.br\/cbpoder\/wp-json\/wp\/v2\/media?parent=5228"}],"wp:term":[{"taxonomy":"category","embeddable":true,"href":"https:\/\/blogs.correiobraziliense.com.br\/cbpoder\/wp-json\/wp\/v2\/categories?post=5228"},{"taxonomy":"post_tag","embeddable":true,"href":"https:\/\/blogs.correiobraziliense.com.br\/cbpoder\/wp-json\/wp\/v2\/tags?post=5228"}],"curies":[{"name":"wp","href":"https:\/\/api.w.org\/{rel}","templated":true}]}}