{"id":5197,"date":"2016-08-11T17:58:19","date_gmt":"2016-08-11T20:58:19","guid":{"rendered":"https:\/\/blogs.correiobraziliense.com.br\/cbpoder\/?p=5197"},"modified":"2016-10-19T19:40:39","modified_gmt":"2016-10-19T21:40:39","slug":"policiais-civis-pedem-cabeca-da-secretaria-de-seguranca-e-xingam-chefe-da-casa-militar","status":"publish","type":"post","link":"https:\/\/blogs.correiobraziliense.com.br\/cbpoder\/policiais-civis-pedem-cabeca-da-secretaria-de-seguranca-e-xingam-chefe-da-casa-militar\/","title":{"rendered":"Policiais civis pedem a cabe\u00e7a da secret\u00e1ria de Seguran\u00e7a e xingam chefe da Casa Militar"},"content":{"rendered":"<p>Em assembleia nesta tarde (11), os delegados elegeram a secret\u00e1ria de Seguran\u00e7a P\u00fablica, M\u00e1rcia de Alencar, inimiga da categoria. Em passeata, eles foram \u00e0 Secretaria de Seguran\u00e7a P\u00fablica pedir a sa\u00edda dela.\u00a0Sobrou tamb\u00e9m para o chefe da Casa Militar, Cl\u00e1udio Ribas. O deputado Laerte Bessa (PR-DF) xingou o oficial da Pol\u00edcia Militar de &#8220;filho da puta&#8221;. Foi aplaudido de p\u00e9 pelos delegados. Bessa apontou Ribas como um entrave para uma solu\u00e7\u00e3o para a reivindica\u00e7\u00e3o de policiais civis. Eles lutam pela paridade do reajuste concedido pelo governo federal aos policiais federais.<\/p>\n<p>&nbsp;<\/p>\n<p>Na assembleia, ficou definido que todos os diretores de departamentos da Pol\u00edcia Civil e os chefes de delegacias v\u00e3o entregar os cargos na pr\u00f3xima segunda-feira (15), se o governo n\u00e3o apresentar uma proposta \u00e0 categoria.<\/p>\n<p>O diretor-geral da Pol\u00edcia Civil, Eric Seba, discursou na assembleia. Foi muito aplaudido pelos colegas. A sa\u00edda de todos os delegados que est\u00e3o na chefia inviabiliza a administra\u00e7\u00e3o de Seba. Se isso ocorrer, ele tamb\u00e9m deve sair.<\/p>\n<p>&nbsp;<\/p>\n<p>Em nota, o\u00a0Sindicato dos Delegados esclareceu que os aplausos ao deputado Laerte Bessa foram pelo discurso \u00e0 categoria e n\u00e3o por um eventual xingamento. &#8220;O sindicato\u00a0preza por um relacionamento respeitoso e cortes entre policiais civis e militares&#8221;.<\/p>\n<p><strong>(Com informa\u00e7\u00f5es de Ana Viriato)<\/strong><\/p>\n<p>&nbsp;<\/p>\n<p>[youtube https:\/\/www.youtube.com\/watch?v=6NjOaoghqwU&#038;w=560&#038;h=315]<\/p>\n<p>&nbsp;<\/p>\n<p>&nbsp;<\/p>\n<p>&nbsp;<\/p>\n<p>&nbsp;<\/p>\n","protected":false},"excerpt":{"rendered":"<p>Em assembleia nesta tarde (11), os delegados elegeram a secret\u00e1ria de Seguran\u00e7a P\u00fablica, M\u00e1rcia de Alencar, inimiga da categoria. Em passeata, eles foram \u00e0 Secretaria de Seguran\u00e7a P\u00fablica pedir a sa\u00edda dela.\u00a0Sobrou tamb\u00e9m para o chefe da Casa Militar, Cl\u00e1udio Ribas. O deputado Laerte Bessa (PR-DF) xingou o oficial da Pol\u00edcia Militar de &#8220;filho da puta&#8221;. Foi aplaudido de p\u00e9 [&hellip;]<\/p>\n","protected":false},"author":9,"featured_media":5192,"comment_status":"open","ping_status":"open","sticky":false,"template":"","format":"standard","meta":{"footnotes":""},"categories":[234],"tags":[],"class_list":["post-5197","post","type-post","status-publish","format-standard","has-post-thumbnail","hentry","category-cb-poder"],"_links":{"self":[{"href":"https:\/\/blogs.correiobraziliense.com.br\/cbpoder\/wp-json\/wp\/v2\/posts\/5197","targetHints":{"allow":["GET"]}}],"collection":[{"href":"https:\/\/blogs.correiobraziliense.com.br\/cbpoder\/wp-json\/wp\/v2\/posts"}],"about":[{"href":"https:\/\/blogs.correiobraziliense.com.br\/cbpoder\/wp-json\/wp\/v2\/types\/post"}],"author":[{"embeddable":true,"href":"https:\/\/blogs.correiobraziliense.com.br\/cbpoder\/wp-json\/wp\/v2\/users\/9"}],"replies":[{"embeddable":true,"href":"https:\/\/blogs.correiobraziliense.com.br\/cbpoder\/wp-json\/wp\/v2\/comments?post=5197"}],"version-history":[{"count":7,"href":"https:\/\/blogs.correiobraziliense.com.br\/cbpoder\/wp-json\/wp\/v2\/posts\/5197\/revisions"}],"predecessor-version":[{"id":6109,"href":"https:\/\/blogs.correiobraziliense.com.br\/cbpoder\/wp-json\/wp\/v2\/posts\/5197\/revisions\/6109"}],"wp:featuredmedia":[{"embeddable":true,"href":"https:\/\/blogs.correiobraziliense.com.br\/cbpoder\/wp-json\/wp\/v2\/media\/5192"}],"wp:attachment":[{"href":"https:\/\/blogs.correiobraziliense.com.br\/cbpoder\/wp-json\/wp\/v2\/media?parent=5197"}],"wp:term":[{"taxonomy":"category","embeddable":true,"href":"https:\/\/blogs.correiobraziliense.com.br\/cbpoder\/wp-json\/wp\/v2\/categories?post=5197"},{"taxonomy":"post_tag","embeddable":true,"href":"https:\/\/blogs.correiobraziliense.com.br\/cbpoder\/wp-json\/wp\/v2\/tags?post=5197"}],"curies":[{"name":"wp","href":"https:\/\/api.w.org\/{rel}","templated":true}]}}