{"id":5079,"date":"2016-08-04T13:52:58","date_gmt":"2016-08-04T16:52:58","guid":{"rendered":"https:\/\/blogs.correiobraziliense.com.br\/cbpoder\/?p=5079"},"modified":"2016-08-04T15:18:47","modified_gmt":"2016-08-04T18:18:47","slug":"sindicato-dos-delegados-repudia-declaracoes-da-secretaria-de-seguranca","status":"publish","type":"post","link":"https:\/\/blogs.correiobraziliense.com.br\/cbpoder\/sindicato-dos-delegados-repudia-declaracoes-da-secretaria-de-seguranca\/","title":{"rendered":"Sindicato dos Delegados repudia declara\u00e7\u00f5es da Secret\u00e1ria de Seguran\u00e7a"},"content":{"rendered":"<p>O Sindicato dos Delegados de Pol\u00edcia Civil (Sindepo) divulgou nota de rep\u00fadio contra a secret\u00e1ria de Seguran\u00e7a P\u00fablica e Paz Social, M\u00e1rcia de Alencar, pelas declara\u00e7\u00f5es a respeito da participa\u00e7\u00e3o de policiais civis na seguran\u00e7a dos Jogos Ol\u00edmpicos.<\/p>\n<p>Como mostra a coluna Eixo Capital, na edi\u00e7\u00e3o de hoje (04), M\u00e1rcia disse, segundo relato de pessoas presentes, que uma eventual greve da Pol\u00edcia Civil n\u00e3o traria preju\u00edzos para a seguran\u00e7a das delega\u00e7\u00f5es porque esse trabalho j\u00e1 \u00e9 realizado pela Pol\u00edcia Militar.<\/p>\n<p>Na nota, o Sindepo lamenta as declara\u00e7\u00f5es que irritaram agentes e delegados e levaram \u00e0s equipes de escola das delega\u00e7\u00f5es a deixarem os postos nos hot\u00e9is. &#8220;Lastimavelmente manifesta\u00e7\u00f5es irrespons\u00e1veis, inconsequentes, alheias \u00e0 realidade e ao hist\u00f3rico das for\u00e7as de seguran\u00e7a da capital da Rep\u00fablica do Brasil, contribuem para a ruptura do equil\u00edbrio, harmonia e integra\u00e7\u00e3o das for\u00e7as, qui\u00e7\u00e1 proporcionando um enfrentamento que pode ter consequ\u00eancias tr\u00e1gicas e nefastas \u00e0 popula\u00e7\u00e3o do Distrito Federal&#8221; diz o Sindicato.<\/p>\n<p>A secret\u00e1ria, no entanto, negou a declara\u00e7\u00e3o. \u201cIsso n\u00e3o procede. Eu acredito que certos grupos policiais e pol\u00edticos, desde sempre, v\u00eam tentando desestabilizar o governo, n\u00e3o somente nas Olimp\u00edadas. A Secretaria de Seguran\u00e7a tem muito respeito pela Pol\u00edcia Civil e reconhece sua import\u00e2ncia e suas compet\u00eancias espec\u00edficas\u201d, afirmou M\u00e1rcia de Alencar, durante evento de entrega de credenciais a comandantes da \u00e1rea.<\/p>\n","protected":false},"excerpt":{"rendered":"<p>O Sindicato dos Delegados de Pol\u00edcia Civil (Sindepo) divulgou nota de rep\u00fadio contra a secret\u00e1ria de Seguran\u00e7a P\u00fablica e Paz Social, M\u00e1rcia de Alencar, pelas declara\u00e7\u00f5es a respeito da participa\u00e7\u00e3o de policiais civis na seguran\u00e7a dos Jogos Ol\u00edmpicos. Como mostra a coluna Eixo Capital, na edi\u00e7\u00e3o de hoje (04), M\u00e1rcia disse, segundo relato de pessoas presentes, que uma eventual greve [&hellip;]<\/p>\n","protected":false},"author":9,"featured_media":5081,"comment_status":"open","ping_status":"closed","sticky":false,"template":"","format":"standard","meta":{"footnotes":""},"categories":[234],"tags":[],"class_list":["post-5079","post","type-post","status-publish","format-standard","has-post-thumbnail","hentry","category-cb-poder"],"_links":{"self":[{"href":"https:\/\/blogs.correiobraziliense.com.br\/cbpoder\/wp-json\/wp\/v2\/posts\/5079","targetHints":{"allow":["GET"]}}],"collection":[{"href":"https:\/\/blogs.correiobraziliense.com.br\/cbpoder\/wp-json\/wp\/v2\/posts"}],"about":[{"href":"https:\/\/blogs.correiobraziliense.com.br\/cbpoder\/wp-json\/wp\/v2\/types\/post"}],"author":[{"embeddable":true,"href":"https:\/\/blogs.correiobraziliense.com.br\/cbpoder\/wp-json\/wp\/v2\/users\/9"}],"replies":[{"embeddable":true,"href":"https:\/\/blogs.correiobraziliense.com.br\/cbpoder\/wp-json\/wp\/v2\/comments?post=5079"}],"version-history":[{"count":3,"href":"https:\/\/blogs.correiobraziliense.com.br\/cbpoder\/wp-json\/wp\/v2\/posts\/5079\/revisions"}],"predecessor-version":[{"id":5091,"href":"https:\/\/blogs.correiobraziliense.com.br\/cbpoder\/wp-json\/wp\/v2\/posts\/5079\/revisions\/5091"}],"wp:featuredmedia":[{"embeddable":true,"href":"https:\/\/blogs.correiobraziliense.com.br\/cbpoder\/wp-json\/wp\/v2\/media\/5081"}],"wp:attachment":[{"href":"https:\/\/blogs.correiobraziliense.com.br\/cbpoder\/wp-json\/wp\/v2\/media?parent=5079"}],"wp:term":[{"taxonomy":"category","embeddable":true,"href":"https:\/\/blogs.correiobraziliense.com.br\/cbpoder\/wp-json\/wp\/v2\/categories?post=5079"},{"taxonomy":"post_tag","embeddable":true,"href":"https:\/\/blogs.correiobraziliense.com.br\/cbpoder\/wp-json\/wp\/v2\/tags?post=5079"}],"curies":[{"name":"wp","href":"https:\/\/api.w.org\/{rel}","templated":true}]}}