{"id":5075,"date":"2016-08-04T13:54:00","date_gmt":"2016-08-04T16:54:00","guid":{"rendered":"https:\/\/blogs.correiobraziliense.com.br\/cbpoder\/?p=5075"},"modified":"2016-08-04T10:56:53","modified_gmt":"2016-08-04T13:56:53","slug":"joaquim-roriz-completa-80-anos","status":"publish","type":"post","link":"https:\/\/blogs.correiobraziliense.com.br\/cbpoder\/joaquim-roriz-completa-80-anos\/","title":{"rendered":"Joaquim Roriz completa 80 anos e ter\u00e1 festa de l\u00edderes comunit\u00e1rios"},"content":{"rendered":"<p>Joaquim Roriz completa 80 anos nesta quinta-feira. L\u00edderes comunit\u00e1rios que o apoiavam nas campanhas preparam uma festa. V\u00e3o levar um bolo para cantar parab\u00e9ns na casa dele, no Park Way. O ex-governador quase n\u00e3o sai e recebe poucas visitas por conta das hemodi\u00e1lises di\u00e1rias. Mas, segundo a filha ca\u00e7ula, Liliane Roriz, est\u00e1 animado.<\/p>\n<p>&nbsp;<\/p>\n<p><strong>Julgamento marcado<\/strong><br \/>\nA 5\u00aa Turma C\u00edvel do Tribunal de Justi\u00e7a do Distrito Federal (TJDFT) marcou para 17 de agosto a continua\u00e7\u00e3o do julgamento da a\u00e7\u00e3o de improbidade que envolve o cl\u00e3 Roriz, suspensa por pedido de vista h\u00e1 duas semanas. O processo envolve a acusa\u00e7\u00e3o de favorecimento dos irm\u00e3os Roberto e Renato Cortopassi na constru\u00e7\u00e3o de um empreendimento habitacional, o edif\u00edcio Monet, em \u00c1guas Claras, em troca de apartamentos nas duas torres. Este \u00e9 o caso que pode levar \u00e0 inelegibilidade da deputada Liliane Roriz (PTB), herdeira pol\u00edtica do ex-governador. Joaquim Roriz e a filha Jaqueline Roriz tamb\u00e9m s\u00e3o atingidos, mas j\u00e1 est\u00e3o enquadrados na Lei da Ficha Limpa.<\/p>\n","protected":false},"excerpt":{"rendered":"<p>Joaquim Roriz completa 80 anos nesta quinta-feira. L\u00edderes comunit\u00e1rios que o apoiavam nas campanhas preparam uma festa. V\u00e3o levar um bolo para cantar parab\u00e9ns na casa dele, no Park Way. O ex-governador quase n\u00e3o sai e recebe poucas visitas por conta das hemodi\u00e1lises di\u00e1rias. Mas, segundo a filha ca\u00e7ula, Liliane Roriz, est\u00e1 animado. &nbsp; Julgamento marcado A 5\u00aa Turma C\u00edvel [&hellip;]<\/p>\n","protected":false},"author":9,"featured_media":5076,"comment_status":"open","ping_status":"closed","sticky":false,"template":"","format":"standard","meta":{"footnotes":""},"categories":[234],"tags":[],"class_list":["post-5075","post","type-post","status-publish","format-standard","has-post-thumbnail","hentry","category-cb-poder"],"_links":{"self":[{"href":"https:\/\/blogs.correiobraziliense.com.br\/cbpoder\/wp-json\/wp\/v2\/posts\/5075","targetHints":{"allow":["GET"]}}],"collection":[{"href":"https:\/\/blogs.correiobraziliense.com.br\/cbpoder\/wp-json\/wp\/v2\/posts"}],"about":[{"href":"https:\/\/blogs.correiobraziliense.com.br\/cbpoder\/wp-json\/wp\/v2\/types\/post"}],"author":[{"embeddable":true,"href":"https:\/\/blogs.correiobraziliense.com.br\/cbpoder\/wp-json\/wp\/v2\/users\/9"}],"replies":[{"embeddable":true,"href":"https:\/\/blogs.correiobraziliense.com.br\/cbpoder\/wp-json\/wp\/v2\/comments?post=5075"}],"version-history":[{"count":2,"href":"https:\/\/blogs.correiobraziliense.com.br\/cbpoder\/wp-json\/wp\/v2\/posts\/5075\/revisions"}],"predecessor-version":[{"id":5078,"href":"https:\/\/blogs.correiobraziliense.com.br\/cbpoder\/wp-json\/wp\/v2\/posts\/5075\/revisions\/5078"}],"wp:featuredmedia":[{"embeddable":true,"href":"https:\/\/blogs.correiobraziliense.com.br\/cbpoder\/wp-json\/wp\/v2\/media\/5076"}],"wp:attachment":[{"href":"https:\/\/blogs.correiobraziliense.com.br\/cbpoder\/wp-json\/wp\/v2\/media?parent=5075"}],"wp:term":[{"taxonomy":"category","embeddable":true,"href":"https:\/\/blogs.correiobraziliense.com.br\/cbpoder\/wp-json\/wp\/v2\/categories?post=5075"},{"taxonomy":"post_tag","embeddable":true,"href":"https:\/\/blogs.correiobraziliense.com.br\/cbpoder\/wp-json\/wp\/v2\/tags?post=5075"}],"curies":[{"name":"wp","href":"https:\/\/api.w.org\/{rel}","templated":true}]}}