{"id":5067,"date":"2016-08-04T10:43:39","date_gmt":"2016-08-04T13:43:39","guid":{"rendered":"https:\/\/blogs.correiobraziliense.com.br\/cbpoder\/?p=5067"},"modified":"2016-08-04T10:45:44","modified_gmt":"2016-08-04T13:45:44","slug":"governo-enfrenta-momento-critico-nas-forcas-policiais-com-embate-entre-pms-e-civis","status":"publish","type":"post","link":"https:\/\/blogs.correiobraziliense.com.br\/cbpoder\/governo-enfrenta-momento-critico-nas-forcas-policiais-com-embate-entre-pms-e-civis\/","title":{"rendered":"Governo enfrenta momento cr\u00edtico nas for\u00e7as policiais, com embate entre PMs e civis"},"content":{"rendered":"<p>A crise na seguran\u00e7a p\u00fablica atingiu o momento mais cr\u00edtico desde que o governador Rodrigo Rollemberg assumiu o poder, com riscos de confrontos perigosos entre policiais civis e militares nas ruas de Bras\u00edlia. O embate \u00e9 evidente nas redes sociais, nos bastidores e revelados abertamente em reuni\u00f5es. PMs atacam policiais civis e vice-versa e as duas corpora\u00e7\u00f5es criticam a secret\u00e1ria de Seguran\u00e7a e Paz Social, M\u00e1rcia de Alencar. Uma nota da Casa Civil no in\u00edcio da noite de ontem deixou a situa\u00e7\u00e3o ainda mais tensa. O texto reconhece, mesmo que indiretamente, que policiais e bombeiros militares passaram a reivindicar reajustes salariais a partir da negocia\u00e7\u00e3o deflagrada pelo GDF com os sindicatos da Pol\u00edcia Civil. Pela nota, o governo tamb\u00e9m retira a proposta de reajustes por conta da alegada radicaliza\u00e7\u00e3o de policiais civis. Na categoria, foi uma demonstra\u00e7\u00e3o de que Rollemberg sempre cede \u00e0 PM em detrimento dos colegas nas delegacias. Na avalia\u00e7\u00e3o de representantes de todas as for\u00e7as, quem comanda a seguran\u00e7a p\u00fablica \u00e9 o coronel Cl\u00e1udio Ribas, chefe da Casa Militar. E ele tem lado: a Pol\u00edcia Militar.<\/p>\n<p>&nbsp;<br \/>\n<strong>Do lado dos colegas<\/strong><br \/>\nA nota da Casa Civil foi respondida com uma manifesta\u00e7\u00e3o da dire\u00e7\u00e3o-geral da Pol\u00edcia Civil tamb\u00e9m em nota. O recado foi de respeito \u00e0 decis\u00e3o dos servidores da institui\u00e7\u00e3o, deliberada em assembleia, de paralisar suas atividades por 48 horas, mesmo sem encerrar o di\u00e1logo com o governo. Em outras palavras, Eric Seba deixou claro que n\u00e3o vai tomar partido contra sua classe.<\/p>\n<p>&nbsp;<br \/>\n<strong>Press\u00e3o total<\/strong><br \/>\nEntre integrantes da dire\u00e7\u00e3o-geral da Pol\u00edcia Civil, j\u00e1 se fala em demiss\u00e3o coletiva nos cargos de comando, caso Eric Seba deixe o governo. Nas reuni\u00f5es da PCDF, ele sempre defende o ponto de vista do governador Rodrigo Rollemberg, mas tem sido pressionado pelos colegas, principalmente pela avalia\u00e7\u00e3o interna de que a PM tem invadido o trabalho de policiais civis em investiga\u00e7\u00f5es e agora tamb\u00e9m na campanha salarial.<\/p>\n<p>&nbsp;<br \/>\n<strong>Esquentando a crise<\/strong><br \/>\nEm meio ao acirramento do debate da campanha salarial dos policiais civis, a secret\u00e1ria de Seguran\u00e7a P\u00fablica e Paz Social, M\u00e1rcia de Alencar, jogou gasolina na fogueira. Em duas reuni\u00f5es, no in\u00edcio da semana, ela disse que agentes e delegados n\u00e3o fariam falta no trabalho de seguran\u00e7a dos Jogos Ol\u00edmpicos porque essa atribui\u00e7\u00e3o \u00e9 da Pol\u00edcia Militar. Como consequ\u00eancia, agentes do Departamento de Opera\u00e7\u00f5es Especiais (DOE) e da Divis\u00e3o de Opera\u00e7\u00f5es A\u00e9reas (DOA) se retiraram ontem do trabalho nos hot\u00e9is onde est\u00e3o alojadas as delega\u00e7\u00f5es estrangeiras que vieram para as partidas de futebol.<\/p>\n<p>&nbsp;<br \/>\n<strong>Tiros no Buriti<\/strong><br \/>\nO tiroteio da seguran\u00e7a p\u00fablica n\u00e3o \u00e9 o \u00fanico. O governador Rodrigo Rollemberg decidiu abrir um canal de negocia\u00e7\u00e3o com a Pol\u00edcia Civil contra a recomenda\u00e7\u00e3o da Secretaria de Fazenda e dos t\u00e9cnicos em or\u00e7amento que temem um colapso. O grande defensor da abertura do di\u00e1logo \u00e9 o chefe da Casa Civil, S\u00e9rgio Sampaio, mas a posi\u00e7\u00e3o dele tromba com a do chefe da Casa Militar, Cl\u00e1udio Ribas, segundo a qual a PM precisa tamb\u00e9m ser contemplada. Um aumento para todas as for\u00e7as de seguran\u00e7a inviabiliza o debate. \u00c9 abra\u00e7o de afogados.<\/p>\n","protected":false},"excerpt":{"rendered":"<p>A crise na seguran\u00e7a p\u00fablica atingiu o momento mais cr\u00edtico desde que o governador Rodrigo Rollemberg assumiu o poder, com riscos de confrontos perigosos entre policiais civis e militares nas ruas de Bras\u00edlia. O embate \u00e9 evidente nas redes sociais, nos bastidores e revelados abertamente em reuni\u00f5es. PMs atacam policiais civis e vice-versa e as duas corpora\u00e7\u00f5es criticam a secret\u00e1ria [&hellip;]<\/p>\n","protected":false},"author":9,"featured_media":5069,"comment_status":"open","ping_status":"closed","sticky":false,"template":"","format":"standard","meta":{"footnotes":""},"categories":[234],"tags":[],"class_list":["post-5067","post","type-post","status-publish","format-standard","has-post-thumbnail","hentry","category-cb-poder"],"_links":{"self":[{"href":"https:\/\/blogs.correiobraziliense.com.br\/cbpoder\/wp-json\/wp\/v2\/posts\/5067","targetHints":{"allow":["GET"]}}],"collection":[{"href":"https:\/\/blogs.correiobraziliense.com.br\/cbpoder\/wp-json\/wp\/v2\/posts"}],"about":[{"href":"https:\/\/blogs.correiobraziliense.com.br\/cbpoder\/wp-json\/wp\/v2\/types\/post"}],"author":[{"embeddable":true,"href":"https:\/\/blogs.correiobraziliense.com.br\/cbpoder\/wp-json\/wp\/v2\/users\/9"}],"replies":[{"embeddable":true,"href":"https:\/\/blogs.correiobraziliense.com.br\/cbpoder\/wp-json\/wp\/v2\/comments?post=5067"}],"version-history":[{"count":2,"href":"https:\/\/blogs.correiobraziliense.com.br\/cbpoder\/wp-json\/wp\/v2\/posts\/5067\/revisions"}],"predecessor-version":[{"id":5071,"href":"https:\/\/blogs.correiobraziliense.com.br\/cbpoder\/wp-json\/wp\/v2\/posts\/5067\/revisions\/5071"}],"wp:featuredmedia":[{"embeddable":true,"href":"https:\/\/blogs.correiobraziliense.com.br\/cbpoder\/wp-json\/wp\/v2\/media\/5069"}],"wp:attachment":[{"href":"https:\/\/blogs.correiobraziliense.com.br\/cbpoder\/wp-json\/wp\/v2\/media?parent=5067"}],"wp:term":[{"taxonomy":"category","embeddable":true,"href":"https:\/\/blogs.correiobraziliense.com.br\/cbpoder\/wp-json\/wp\/v2\/categories?post=5067"},{"taxonomy":"post_tag","embeddable":true,"href":"https:\/\/blogs.correiobraziliense.com.br\/cbpoder\/wp-json\/wp\/v2\/tags?post=5067"}],"curies":[{"name":"wp","href":"https:\/\/api.w.org\/{rel}","templated":true}]}}