{"id":5050,"date":"2016-08-03T11:33:42","date_gmt":"2016-08-03T14:33:42","guid":{"rendered":"https:\/\/blogs.correiobraziliense.com.br\/cbpoder\/?p=5050"},"modified":"2016-08-03T11:34:04","modified_gmt":"2016-08-03T14:34:04","slug":"rollemberg-participa-de-evento-evangelico-com-celina-leao-e-o-vice","status":"publish","type":"post","link":"https:\/\/blogs.correiobraziliense.com.br\/cbpoder\/rollemberg-participa-de-evento-evangelico-com-celina-leao-e-o-vice\/","title":{"rendered":"Rollemberg participa de evento evang\u00e9lico com Celina Le\u00e3o e o vice-governador"},"content":{"rendered":"<figure id=\"attachment_5052\" aria-describedby=\"caption-attachment-5052\" style=\"width: 300px\" class=\"wp-caption alignnone\"><a href=\"https:\/\/blogs.correiobraziliense.com.br\/cbpoder\/wp-content\/uploads\/sites\/5\/2016\/08\/Rollemberg-ora\u00e7\u00e3o2.jpg\" rel=\"attachment wp-att-5052\"><img loading=\"lazy\" decoding=\"async\" class=\"size-medium wp-image-5052\" src=\"https:\/\/blogs.correiobraziliense.com.br\/cbpoder\/wp-content\/uploads\/sites\/5\/2016\/08\/Rollemberg-ora\u00e7\u00e3o2-300x200.jpg\" alt=\"Cr\u00e9dito: Divulga\u00e7\u00e3o\" width=\"300\" height=\"200\" srcset=\"https:\/\/blogs.correiobraziliense.com.br\/cbpoder\/wp-content\/uploads\/sites\/5\/2016\/08\/Rollemberg-ora\u00e7\u00e3o2-300x200.jpg 300w, https:\/\/blogs.correiobraziliense.com.br\/cbpoder\/wp-content\/uploads\/sites\/5\/2016\/08\/Rollemberg-ora\u00e7\u00e3o2-768x512.jpg 768w, https:\/\/blogs.correiobraziliense.com.br\/cbpoder\/wp-content\/uploads\/sites\/5\/2016\/08\/Rollemberg-ora\u00e7\u00e3o2-350x233.jpg 350w, https:\/\/blogs.correiobraziliense.com.br\/cbpoder\/wp-content\/uploads\/sites\/5\/2016\/08\/Rollemberg-ora\u00e7\u00e3o2-550x366.jpg 550w, https:\/\/blogs.correiobraziliense.com.br\/cbpoder\/wp-content\/uploads\/sites\/5\/2016\/08\/Rollemberg-ora\u00e7\u00e3o2-230x153.jpg 230w, https:\/\/blogs.correiobraziliense.com.br\/cbpoder\/wp-content\/uploads\/sites\/5\/2016\/08\/Rollemberg-ora\u00e7\u00e3o2.jpg 800w\" sizes=\"auto, (max-width: 300px) 100vw, 300px\" \/><\/a><figcaption id=\"caption-attachment-5052\" class=\"wp-caption-text\">Cr\u00e9dito: Divulga\u00e7\u00e3o<\/figcaption><\/figure>\n<p>O governador Rodrigo Rollemberg (PSB) terminou a ter\u00e7a-feira\u00a0em ora\u00e7\u00e3o. Rezou ao lado do vice-governador Renato Santana (PSD) e da presidente da C\u00e2mara Legislativa, Celina Le\u00e3o (PPS), na Confer\u00eancia Global da Igreja Comunidade das Na\u00e7\u00f5es, no Pavilh\u00e3o de Exposi\u00e7\u00f5es do Parque da Cidade.<\/p>\n","protected":false},"excerpt":{"rendered":"<p>O governador Rodrigo Rollemberg (PSB) terminou a ter\u00e7a-feira\u00a0em ora\u00e7\u00e3o. Rezou ao lado do vice-governador Renato Santana (PSD) e da presidente da C\u00e2mara Legislativa, Celina Le\u00e3o (PPS), na Confer\u00eancia Global da Igreja Comunidade das Na\u00e7\u00f5es, no Pavilh\u00e3o de Exposi\u00e7\u00f5es do Parque da Cidade.<\/p>\n","protected":false},"author":9,"featured_media":5051,"comment_status":"open","ping_status":"closed","sticky":false,"template":"","format":"standard","meta":{"footnotes":""},"categories":[234],"tags":[],"class_list":["post-5050","post","type-post","status-publish","format-standard","has-post-thumbnail","hentry","category-cb-poder"],"_links":{"self":[{"href":"https:\/\/blogs.correiobraziliense.com.br\/cbpoder\/wp-json\/wp\/v2\/posts\/5050","targetHints":{"allow":["GET"]}}],"collection":[{"href":"https:\/\/blogs.correiobraziliense.com.br\/cbpoder\/wp-json\/wp\/v2\/posts"}],"about":[{"href":"https:\/\/blogs.correiobraziliense.com.br\/cbpoder\/wp-json\/wp\/v2\/types\/post"}],"author":[{"embeddable":true,"href":"https:\/\/blogs.correiobraziliense.com.br\/cbpoder\/wp-json\/wp\/v2\/users\/9"}],"replies":[{"embeddable":true,"href":"https:\/\/blogs.correiobraziliense.com.br\/cbpoder\/wp-json\/wp\/v2\/comments?post=5050"}],"version-history":[{"count":2,"href":"https:\/\/blogs.correiobraziliense.com.br\/cbpoder\/wp-json\/wp\/v2\/posts\/5050\/revisions"}],"predecessor-version":[{"id":5054,"href":"https:\/\/blogs.correiobraziliense.com.br\/cbpoder\/wp-json\/wp\/v2\/posts\/5050\/revisions\/5054"}],"wp:featuredmedia":[{"embeddable":true,"href":"https:\/\/blogs.correiobraziliense.com.br\/cbpoder\/wp-json\/wp\/v2\/media\/5051"}],"wp:attachment":[{"href":"https:\/\/blogs.correiobraziliense.com.br\/cbpoder\/wp-json\/wp\/v2\/media?parent=5050"}],"wp:term":[{"taxonomy":"category","embeddable":true,"href":"https:\/\/blogs.correiobraziliense.com.br\/cbpoder\/wp-json\/wp\/v2\/categories?post=5050"},{"taxonomy":"post_tag","embeddable":true,"href":"https:\/\/blogs.correiobraziliense.com.br\/cbpoder\/wp-json\/wp\/v2\/tags?post=5050"}],"curies":[{"name":"wp","href":"https:\/\/api.w.org\/{rel}","templated":true}]}}