{"id":5042,"date":"2016-08-03T11:08:36","date_gmt":"2016-08-03T14:08:36","guid":{"rendered":"https:\/\/blogs.correiobraziliense.com.br\/cbpoder\/?p=5042"},"modified":"2016-08-03T11:10:00","modified_gmt":"2016-08-03T14:10:00","slug":"gdf-negocia-proposta-para-reajuste-da-policia-civil","status":"publish","type":"post","link":"https:\/\/blogs.correiobraziliense.com.br\/cbpoder\/gdf-negocia-proposta-para-reajuste-da-policia-civil\/","title":{"rendered":"GDF negocia proposta para reajuste da Pol\u00edcia Civil"},"content":{"rendered":"<p>O governo do Distrito Federal come\u00e7ou na ter\u00e7a-feira\u00a0uma intensa negocia\u00e7\u00e3o com representantes da Pol\u00edcia Civil para chegar a um acordo que contemple a categoria. Foram v\u00e1rias reuni\u00f5es ao longo do dia, todas conduzidas pelo chefe da Casa Civil, S\u00e9rgio Sampaio, designado pelo governador Rodrigo Rollemberg para encontrar uma solu\u00e7\u00e3o dentro das condi\u00e7\u00f5es financeiras. Contra a opini\u00e3o da equipe da Fazenda e do Planejamento, o diretor-geral da Pol\u00edcia Civil, Eric Seba, sempre disse aos colegas que o governador Rodrigo Rollemberg estava disposto a apresentar uma proposta \u00e0 categoria. Mas ainda falta encontrar uma solu\u00e7\u00e3o que agradece os policiais civis e n\u00e3o quebre o GDF.<\/p>\n<p><strong>Puxando para baixo<\/strong><br \/>\nO deputado Cl\u00e1udio Abrantes (Rede) ficou preocupado com as manifesta\u00e7\u00f5es de policiais e bombeiros militares contra as negocia\u00e7\u00f5es com a Pol\u00edcia Civil. \u201cN\u00e3o pode ser um jogo de perde, perde. A luta n\u00e3o pode ser um puxando o outro para baixo\u201d, acredita.<\/p>\n<p>&nbsp;<\/p>\n","protected":false},"excerpt":{"rendered":"<p>O governo do Distrito Federal come\u00e7ou na ter\u00e7a-feira\u00a0uma intensa negocia\u00e7\u00e3o com representantes da Pol\u00edcia Civil para chegar a um acordo que contemple a categoria. Foram v\u00e1rias reuni\u00f5es ao longo do dia, todas conduzidas pelo chefe da Casa Civil, S\u00e9rgio Sampaio, designado pelo governador Rodrigo Rollemberg para encontrar uma solu\u00e7\u00e3o dentro das condi\u00e7\u00f5es financeiras. Contra a opini\u00e3o da equipe da Fazenda [&hellip;]<\/p>\n","protected":false},"author":9,"featured_media":5043,"comment_status":"open","ping_status":"closed","sticky":false,"template":"","format":"standard","meta":{"footnotes":""},"categories":[234],"tags":[],"class_list":["post-5042","post","type-post","status-publish","format-standard","has-post-thumbnail","hentry","category-cb-poder"],"_links":{"self":[{"href":"https:\/\/blogs.correiobraziliense.com.br\/cbpoder\/wp-json\/wp\/v2\/posts\/5042","targetHints":{"allow":["GET"]}}],"collection":[{"href":"https:\/\/blogs.correiobraziliense.com.br\/cbpoder\/wp-json\/wp\/v2\/posts"}],"about":[{"href":"https:\/\/blogs.correiobraziliense.com.br\/cbpoder\/wp-json\/wp\/v2\/types\/post"}],"author":[{"embeddable":true,"href":"https:\/\/blogs.correiobraziliense.com.br\/cbpoder\/wp-json\/wp\/v2\/users\/9"}],"replies":[{"embeddable":true,"href":"https:\/\/blogs.correiobraziliense.com.br\/cbpoder\/wp-json\/wp\/v2\/comments?post=5042"}],"version-history":[{"count":1,"href":"https:\/\/blogs.correiobraziliense.com.br\/cbpoder\/wp-json\/wp\/v2\/posts\/5042\/revisions"}],"predecessor-version":[{"id":5044,"href":"https:\/\/blogs.correiobraziliense.com.br\/cbpoder\/wp-json\/wp\/v2\/posts\/5042\/revisions\/5044"}],"wp:featuredmedia":[{"embeddable":true,"href":"https:\/\/blogs.correiobraziliense.com.br\/cbpoder\/wp-json\/wp\/v2\/media\/5043"}],"wp:attachment":[{"href":"https:\/\/blogs.correiobraziliense.com.br\/cbpoder\/wp-json\/wp\/v2\/media?parent=5042"}],"wp:term":[{"taxonomy":"category","embeddable":true,"href":"https:\/\/blogs.correiobraziliense.com.br\/cbpoder\/wp-json\/wp\/v2\/categories?post=5042"},{"taxonomy":"post_tag","embeddable":true,"href":"https:\/\/blogs.correiobraziliense.com.br\/cbpoder\/wp-json\/wp\/v2\/tags?post=5042"}],"curies":[{"name":"wp","href":"https:\/\/api.w.org\/{rel}","templated":true}]}}