{"id":5030,"date":"2016-08-02T16:25:54","date_gmt":"2016-08-02T19:25:54","guid":{"rendered":"https:\/\/blogs.correiobraziliense.com.br\/cbpoder\/?p=5030"},"modified":"2016-08-02T16:27:35","modified_gmt":"2016-08-02T19:27:35","slug":"5030-2","status":"publish","type":"post","link":"https:\/\/blogs.correiobraziliense.com.br\/cbpoder\/5030-2\/","title":{"rendered":"S\u00e9rgio Sampaio: &#8220;Proposta dentro do poss\u00edvel nas contas do GDF, reconhecendo a import\u00e2ncia da Pol\u00edcia Civil&#8221;"},"content":{"rendered":"<p>Designado pelo governador Rodrigo Rollemberg para comandar as negocia\u00e7\u00f5es com representantes da Pol\u00edcia Civil, o chefe da Casa Civil, S\u00e9rgio Sampaio, apresentou nesta manh\u00e3 (02) um panorama das contas p\u00fablicas para sindicatos e integrantes da dire\u00e7\u00e3o da corpora\u00e7\u00e3o.<\/p>\n<p>Sampaio deixou claro que Rollemberg considera justa a reivindica\u00e7\u00e3o dos policiais civis, principalmente porque se trata de uma reposi\u00e7\u00e3o salarial. Nos \u00faltimos anos, o GDF concedeu aumentos a v\u00e1rias categorias, mas deixou a Pol\u00edcia Civil de fora justamente pela paridade com a Pol\u00edcia Federal. &#8220;Fizemos uma proposta dentro do poss\u00edvel, reconhecendo a import\u00e2ncia da Pol\u00edcia Civil e as condi\u00e7\u00f5es das finan\u00e7as do GDF&#8221;, disse Sampaio.<\/p>\n<p>O \u00faltimo reajuste, de 15%, foi concedido em 2012, dividido em tr\u00eas parcelas. A \u00faltima, de 5%, incidiu sobre os sal\u00e1rios de policiais civis em janeiro do ano passado.<\/p>\n<p>Segundo o chefe da Casa Civil, hoje o or\u00e7amento do DF \u00e9 de R$ 32 bilh\u00f5es, sendo que 81%, considerando o Fundo Constitucional, s\u00e3o destinados a pagamento da folha de pessoal. Sobram menos de R$ 6 bilh\u00f5es para pagar o subs\u00eddio do transporte p\u00fablico, que representa R$ 1,1 bilh\u00e3o, programas sociais e investimentos. &#8220;A situa\u00e7\u00e3o \u00e9 bem dif\u00edcil&#8221;, descreveu Sampaio.<\/p>\n<p>O impacto do reajuste da Pol\u00edcia Civil em 2017 ser\u00e1 de R$450 milh\u00f5es, caso entre em vigor a partir de janeiro. &#8220;Propusemos que o primeiro reajuste seja concedido a partir dos \u00faltimos meses do ano para reduzir o impacto e termos condi\u00e7\u00f5es de pagar. J\u00e1 estamos com muita dificuldade para fechar as contas neste ano&#8221;, explicou.<\/p>\n<p>Nesta manh\u00e3, Sampaio foi o porta-voz da proposta do governo para a Pol\u00edcia Civil: 7% a partir de outubro de 2017, 10% a partir de outubro de 2018 e 10% a partir de outubro de 2019.<\/p>\n<p>Os sindicatos da Pol\u00edcia Civil n\u00e3o aceitaram. A partir de 18h30 desta ter\u00e7a-feira (02) haver\u00e1 uma nova reuni\u00e3o, para apresenta\u00e7\u00e3o de uma contraproposta das entidades.<\/p>\n","protected":false},"excerpt":{"rendered":"<p>Designado pelo governador Rodrigo Rollemberg para comandar as negocia\u00e7\u00f5es com representantes da Pol\u00edcia Civil, o chefe da Casa Civil, S\u00e9rgio Sampaio, apresentou nesta manh\u00e3 (02) um panorama das contas p\u00fablicas para sindicatos e integrantes da dire\u00e7\u00e3o da corpora\u00e7\u00e3o. Sampaio deixou claro que Rollemberg considera justa a reivindica\u00e7\u00e3o dos policiais civis, principalmente porque se trata de uma reposi\u00e7\u00e3o salarial. Nos \u00faltimos [&hellip;]<\/p>\n","protected":false},"author":9,"featured_media":5038,"comment_status":"open","ping_status":"closed","sticky":false,"template":"","format":"standard","meta":{"footnotes":""},"categories":[234],"tags":[],"class_list":["post-5030","post","type-post","status-publish","format-standard","has-post-thumbnail","hentry","category-cb-poder"],"_links":{"self":[{"href":"https:\/\/blogs.correiobraziliense.com.br\/cbpoder\/wp-json\/wp\/v2\/posts\/5030","targetHints":{"allow":["GET"]}}],"collection":[{"href":"https:\/\/blogs.correiobraziliense.com.br\/cbpoder\/wp-json\/wp\/v2\/posts"}],"about":[{"href":"https:\/\/blogs.correiobraziliense.com.br\/cbpoder\/wp-json\/wp\/v2\/types\/post"}],"author":[{"embeddable":true,"href":"https:\/\/blogs.correiobraziliense.com.br\/cbpoder\/wp-json\/wp\/v2\/users\/9"}],"replies":[{"embeddable":true,"href":"https:\/\/blogs.correiobraziliense.com.br\/cbpoder\/wp-json\/wp\/v2\/comments?post=5030"}],"version-history":[{"count":3,"href":"https:\/\/blogs.correiobraziliense.com.br\/cbpoder\/wp-json\/wp\/v2\/posts\/5030\/revisions"}],"predecessor-version":[{"id":5041,"href":"https:\/\/blogs.correiobraziliense.com.br\/cbpoder\/wp-json\/wp\/v2\/posts\/5030\/revisions\/5041"}],"wp:featuredmedia":[{"embeddable":true,"href":"https:\/\/blogs.correiobraziliense.com.br\/cbpoder\/wp-json\/wp\/v2\/media\/5038"}],"wp:attachment":[{"href":"https:\/\/blogs.correiobraziliense.com.br\/cbpoder\/wp-json\/wp\/v2\/media?parent=5030"}],"wp:term":[{"taxonomy":"category","embeddable":true,"href":"https:\/\/blogs.correiobraziliense.com.br\/cbpoder\/wp-json\/wp\/v2\/categories?post=5030"},{"taxonomy":"post_tag","embeddable":true,"href":"https:\/\/blogs.correiobraziliense.com.br\/cbpoder\/wp-json\/wp\/v2\/tags?post=5030"}],"curies":[{"name":"wp","href":"https:\/\/api.w.org\/{rel}","templated":true}]}}