{"id":5003,"date":"2016-08-02T10:59:10","date_gmt":"2016-08-02T13:59:10","guid":{"rendered":"https:\/\/blogs.correiobraziliense.com.br\/cbpoder\/?p=5003"},"modified":"2016-08-02T11:00:30","modified_gmt":"2016-08-02T14:00:30","slug":"rollemberg-reune-aliados-e-monta-estrategia-contra-crise","status":"publish","type":"post","link":"https:\/\/blogs.correiobraziliense.com.br\/cbpoder\/rollemberg-reune-aliados-e-monta-estrategia-contra-crise\/","title":{"rendered":"Rodrigo Rollemberg re\u00fane aliados para montar estrat\u00e9gia contra a crise"},"content":{"rendered":"<p>Preocupado com o semestre agitado que ter\u00e1 pela frente, Rodrigo Rollemberg (PSB) reuniu a sua base parlamentar na segunda-feira (1), na resid\u00eancia oficial de \u00c1guas Claras, para tra\u00e7ar estrat\u00e9gias. Entre o caf\u00e9, p\u00e3es de queijo e biscoitos, o governador cuidou de temas preocupantes: a campanha salarial da Pol\u00edcia Civil, a CPI da Sa\u00fade, o embate com os distritais advers\u00e1rios e a crise financeira do DF. Participaram da conversa 13 deputados: Agaciel Maia (PR), Cl\u00e1udio Abrantes (Rede), Israel Batista (PV), Juarez\u00e3o (PSB), J\u00falio C\u00e9sar (PRB), Liliane Roriz (PTB), Lira (PHS), Luzia de Paula (PSB), Reginaldo Veras (PDT), Roosevelt Vilela (PSB), Rodrigo Delmasso (PTN), Sandra Faraj (SD) e Telma Rufino (sem partido). Chico Leite (Rede) justificou a aus\u00eancia.<\/p>\n<p>&nbsp;<br \/>\n<strong>Confisco de celulares<\/strong><br \/>\nEm meio \u00e0 onda de grava\u00e7\u00f5es comprometedoras, a assessoria do governador Rodrigo Rollemberg recolheu os telefones dos deputados distritais, na reuni\u00e3o de ontem na resid\u00eancia de \u00c1guas Claras. Todos os aparelhos foram depositados num envelope e devolvidos na sa\u00edda. S\u00f3 faltou uma revista. Quem garante que n\u00e3o havia um equipamento camuflado?<\/p>\n<p>&nbsp;<br \/>\n<strong>Para n\u00e3o contaminar a sa\u00fade<\/strong><br \/>\nUm temor de Rodrigo Rollemberg: que a CPI da Sa\u00fade contamine as a\u00e7\u00f5es no setor. Ele pediu um esfor\u00e7o para que os requerimentos da investiga\u00e7\u00e3o n\u00e3o prejudiquem os trabalhos do secret\u00e1rio Humberto Fonseca e o processo de credenciamento das organiza\u00e7\u00f5es sociais que se interessaram pela gest\u00e3o da sa\u00fade. Entre os deputados presentes na reuni\u00e3o, dois integram a CPI: o relator, Lira (PHS), e Roosevelt Vilela (PSB), que na pr\u00f3xima semana ser\u00e1 substitu\u00eddo por J\u00falio C\u00e9sar (PRB).<\/p>\n<p>&nbsp;<br \/>\n<strong>Sem resposta<\/strong><br \/>\nA deputada Telma Rufino (sem partido) pediu ontem na reuni\u00e3o da resid\u00eancia oficial de \u00c1guas Claras que Rodrigo Rollemberg apoie o projeto de reelei\u00e7\u00e3o da presidente da C\u00e2mara Legislativa. O governador, que est\u00e1 em guerra com Celina Le\u00e3o (PPS), nem se deu ao trabalho de responder.<\/p>\n","protected":false},"excerpt":{"rendered":"<p>Preocupado com o semestre agitado que ter\u00e1 pela frente, Rodrigo Rollemberg (PSB) reuniu a sua base parlamentar na segunda-feira (1), na resid\u00eancia oficial de \u00c1guas Claras, para tra\u00e7ar estrat\u00e9gias. Entre o caf\u00e9, p\u00e3es de queijo e biscoitos, o governador cuidou de temas preocupantes: a campanha salarial da Pol\u00edcia Civil, a CPI da Sa\u00fade, o embate com os distritais advers\u00e1rios e [&hellip;]<\/p>\n","protected":false},"author":9,"featured_media":5004,"comment_status":"open","ping_status":"closed","sticky":false,"template":"","format":"standard","meta":{"footnotes":""},"categories":[234],"tags":[],"class_list":["post-5003","post","type-post","status-publish","format-standard","has-post-thumbnail","hentry","category-cb-poder"],"_links":{"self":[{"href":"https:\/\/blogs.correiobraziliense.com.br\/cbpoder\/wp-json\/wp\/v2\/posts\/5003","targetHints":{"allow":["GET"]}}],"collection":[{"href":"https:\/\/blogs.correiobraziliense.com.br\/cbpoder\/wp-json\/wp\/v2\/posts"}],"about":[{"href":"https:\/\/blogs.correiobraziliense.com.br\/cbpoder\/wp-json\/wp\/v2\/types\/post"}],"author":[{"embeddable":true,"href":"https:\/\/blogs.correiobraziliense.com.br\/cbpoder\/wp-json\/wp\/v2\/users\/9"}],"replies":[{"embeddable":true,"href":"https:\/\/blogs.correiobraziliense.com.br\/cbpoder\/wp-json\/wp\/v2\/comments?post=5003"}],"version-history":[{"count":3,"href":"https:\/\/blogs.correiobraziliense.com.br\/cbpoder\/wp-json\/wp\/v2\/posts\/5003\/revisions"}],"predecessor-version":[{"id":5007,"href":"https:\/\/blogs.correiobraziliense.com.br\/cbpoder\/wp-json\/wp\/v2\/posts\/5003\/revisions\/5007"}],"wp:featuredmedia":[{"embeddable":true,"href":"https:\/\/blogs.correiobraziliense.com.br\/cbpoder\/wp-json\/wp\/v2\/media\/5004"}],"wp:attachment":[{"href":"https:\/\/blogs.correiobraziliense.com.br\/cbpoder\/wp-json\/wp\/v2\/media?parent=5003"}],"wp:term":[{"taxonomy":"category","embeddable":true,"href":"https:\/\/blogs.correiobraziliense.com.br\/cbpoder\/wp-json\/wp\/v2\/categories?post=5003"},{"taxonomy":"post_tag","embeddable":true,"href":"https:\/\/blogs.correiobraziliense.com.br\/cbpoder\/wp-json\/wp\/v2\/tags?post=5003"}],"curies":[{"name":"wp","href":"https:\/\/api.w.org\/{rel}","templated":true}]}}