{"id":4999,"date":"2016-08-01T13:52:00","date_gmt":"2016-08-01T16:52:00","guid":{"rendered":"https:\/\/blogs.correiobraziliense.com.br\/cbpoder\/?p=4999"},"modified":"2016-08-01T10:55:17","modified_gmt":"2016-08-01T13:55:17","slug":"tempos-dificeis-para-rollemberg-no-fim-do-recesso-parlamentar","status":"publish","type":"post","link":"https:\/\/blogs.correiobraziliense.com.br\/cbpoder\/tempos-dificeis-para-rollemberg-no-fim-do-recesso-parlamentar\/","title":{"rendered":"Tempos dif\u00edceis para Rollemberg no fim do recesso parlamentar"},"content":{"rendered":"<p>A C\u00e2mara Legislativa retorna os trabalhos nesta segunda-feira, depois de um m\u00eas de recesso, e com isso os problemas para o Executivo v\u00e3o se intensificar. Na pauta, depoimentos da CPI da Sa\u00fade e muitos debates em plen\u00e1rio sobre temas espinhosos, como o reajuste salarial da Pol\u00edcia Civil, o modelo de gest\u00e3o por meio das organiza\u00e7\u00f5es sociais e as parceiras p\u00fablico-privadas. Tudo isso sob o comando de uma presidente, Celina Le\u00e3o (PPS), em guerra aberta com o Executivo. Tempos de muita articula\u00e7\u00e3o pol\u00edtica pela frente para o governador Rodrigo Rollemberg (PSB). Ele vai precisar de muito jogo de cintura para manter uma base na C\u00e2mara, principalmente para conseguir eleger algu\u00e9m de seu grupo pol\u00edtico presidente nos \u00faltimos dois anos da legislatura. N\u00e3o faltam advers\u00e1rios.<\/p>\n","protected":false},"excerpt":{"rendered":"<p>A C\u00e2mara Legislativa retorna os trabalhos nesta segunda-feira, depois de um m\u00eas de recesso, e com isso os problemas para o Executivo v\u00e3o se intensificar. Na pauta, depoimentos da CPI da Sa\u00fade e muitos debates em plen\u00e1rio sobre temas espinhosos, como o reajuste salarial da Pol\u00edcia Civil, o modelo de gest\u00e3o por meio das organiza\u00e7\u00f5es sociais e as parceiras p\u00fablico-privadas. [&hellip;]<\/p>\n","protected":false},"author":9,"featured_media":5000,"comment_status":"open","ping_status":"closed","sticky":false,"template":"","format":"standard","meta":{"footnotes":""},"categories":[234],"tags":[],"class_list":["post-4999","post","type-post","status-publish","format-standard","has-post-thumbnail","hentry","category-cb-poder"],"_links":{"self":[{"href":"https:\/\/blogs.correiobraziliense.com.br\/cbpoder\/wp-json\/wp\/v2\/posts\/4999","targetHints":{"allow":["GET"]}}],"collection":[{"href":"https:\/\/blogs.correiobraziliense.com.br\/cbpoder\/wp-json\/wp\/v2\/posts"}],"about":[{"href":"https:\/\/blogs.correiobraziliense.com.br\/cbpoder\/wp-json\/wp\/v2\/types\/post"}],"author":[{"embeddable":true,"href":"https:\/\/blogs.correiobraziliense.com.br\/cbpoder\/wp-json\/wp\/v2\/users\/9"}],"replies":[{"embeddable":true,"href":"https:\/\/blogs.correiobraziliense.com.br\/cbpoder\/wp-json\/wp\/v2\/comments?post=4999"}],"version-history":[{"count":1,"href":"https:\/\/blogs.correiobraziliense.com.br\/cbpoder\/wp-json\/wp\/v2\/posts\/4999\/revisions"}],"predecessor-version":[{"id":5001,"href":"https:\/\/blogs.correiobraziliense.com.br\/cbpoder\/wp-json\/wp\/v2\/posts\/4999\/revisions\/5001"}],"wp:featuredmedia":[{"embeddable":true,"href":"https:\/\/blogs.correiobraziliense.com.br\/cbpoder\/wp-json\/wp\/v2\/media\/5000"}],"wp:attachment":[{"href":"https:\/\/blogs.correiobraziliense.com.br\/cbpoder\/wp-json\/wp\/v2\/media?parent=4999"}],"wp:term":[{"taxonomy":"category","embeddable":true,"href":"https:\/\/blogs.correiobraziliense.com.br\/cbpoder\/wp-json\/wp\/v2\/categories?post=4999"},{"taxonomy":"post_tag","embeddable":true,"href":"https:\/\/blogs.correiobraziliense.com.br\/cbpoder\/wp-json\/wp\/v2\/tags?post=4999"}],"curies":[{"name":"wp","href":"https:\/\/api.w.org\/{rel}","templated":true}]}}