{"id":4996,"date":"2016-08-01T12:49:29","date_gmt":"2016-08-01T15:49:29","guid":{"rendered":"https:\/\/blogs.correiobraziliense.com.br\/cbpoder\/?p=4996"},"modified":"2016-08-01T10:51:48","modified_gmt":"2016-08-01T13:51:48","slug":"joe-valle-de-volta-camara-legislativa","status":"publish","type":"post","link":"https:\/\/blogs.correiobraziliense.com.br\/cbpoder\/joe-valle-de-volta-camara-legislativa\/","title":{"rendered":"Joe Valle de volta \u00e0 C\u00e2mara Legislativa"},"content":{"rendered":"<p>O deputado Joe Valle (PDT) s\u00f3 retorna ao mandato na outra segunda-feira, oito de agosto. Nesta semana, o governador Rodrigo Rollemberg ter\u00e1 de escolher o substituto na Secretaria de Trabalho, Desenvolvimento Social, Igualdade Racial e Direitos Humanos. O PDT vai apresentar uma lista tr\u00edplice, com indica\u00e7\u00f5es. Ao retornar \u00e0 C\u00e2mara, Joe n\u00e3o assumir\u00e1 a vaga de seu suplente, Roosevelt Vilela (PSB), na CPI da Sa\u00fade. Esse papel ficar\u00e1 a cargo do deputado Julio C\u00e9sar (PRB).<\/p>\n","protected":false},"excerpt":{"rendered":"<p>O deputado Joe Valle (PDT) s\u00f3 retorna ao mandato na outra segunda-feira, oito de agosto. Nesta semana, o governador Rodrigo Rollemberg ter\u00e1 de escolher o substituto na Secretaria de Trabalho, Desenvolvimento Social, Igualdade Racial e Direitos Humanos. O PDT vai apresentar uma lista tr\u00edplice, com indica\u00e7\u00f5es. Ao retornar \u00e0 C\u00e2mara, Joe n\u00e3o assumir\u00e1 a vaga de seu suplente, Roosevelt Vilela [&hellip;]<\/p>\n","protected":false},"author":9,"featured_media":4997,"comment_status":"open","ping_status":"closed","sticky":false,"template":"","format":"standard","meta":{"footnotes":""},"categories":[234],"tags":[],"class_list":["post-4996","post","type-post","status-publish","format-standard","has-post-thumbnail","hentry","category-cb-poder"],"_links":{"self":[{"href":"https:\/\/blogs.correiobraziliense.com.br\/cbpoder\/wp-json\/wp\/v2\/posts\/4996","targetHints":{"allow":["GET"]}}],"collection":[{"href":"https:\/\/blogs.correiobraziliense.com.br\/cbpoder\/wp-json\/wp\/v2\/posts"}],"about":[{"href":"https:\/\/blogs.correiobraziliense.com.br\/cbpoder\/wp-json\/wp\/v2\/types\/post"}],"author":[{"embeddable":true,"href":"https:\/\/blogs.correiobraziliense.com.br\/cbpoder\/wp-json\/wp\/v2\/users\/9"}],"replies":[{"embeddable":true,"href":"https:\/\/blogs.correiobraziliense.com.br\/cbpoder\/wp-json\/wp\/v2\/comments?post=4996"}],"version-history":[{"count":1,"href":"https:\/\/blogs.correiobraziliense.com.br\/cbpoder\/wp-json\/wp\/v2\/posts\/4996\/revisions"}],"predecessor-version":[{"id":4998,"href":"https:\/\/blogs.correiobraziliense.com.br\/cbpoder\/wp-json\/wp\/v2\/posts\/4996\/revisions\/4998"}],"wp:featuredmedia":[{"embeddable":true,"href":"https:\/\/blogs.correiobraziliense.com.br\/cbpoder\/wp-json\/wp\/v2\/media\/4997"}],"wp:attachment":[{"href":"https:\/\/blogs.correiobraziliense.com.br\/cbpoder\/wp-json\/wp\/v2\/media?parent=4996"}],"wp:term":[{"taxonomy":"category","embeddable":true,"href":"https:\/\/blogs.correiobraziliense.com.br\/cbpoder\/wp-json\/wp\/v2\/categories?post=4996"},{"taxonomy":"post_tag","embeddable":true,"href":"https:\/\/blogs.correiobraziliense.com.br\/cbpoder\/wp-json\/wp\/v2\/tags?post=4996"}],"curies":[{"name":"wp","href":"https:\/\/api.w.org\/{rel}","templated":true}]}}