{"id":4991,"date":"2016-08-01T10:45:56","date_gmt":"2016-08-01T13:45:56","guid":{"rendered":"https:\/\/blogs.correiobraziliense.com.br\/cbpoder\/?p=4991"},"modified":"2016-08-01T10:45:56","modified_gmt":"2016-08-01T13:45:56","slug":"nao-tenho-obrigacao-de-ficar-inerte-ou-calado-diz-vice-governador-em-entrevista","status":"publish","type":"post","link":"https:\/\/blogs.correiobraziliense.com.br\/cbpoder\/nao-tenho-obrigacao-de-ficar-inerte-ou-calado-diz-vice-governador-em-entrevista\/","title":{"rendered":"&#8220;N\u00e3o tenho a obriga\u00e7\u00e3o de ficar inerte ou calado&#8221;, diz vice-governador em entrevista"},"content":{"rendered":"<p><strong>Entrevista:\u00a0Renato Santana, vice-governador do DF<\/strong><\/p>\n<p>&nbsp;<br \/>\n*****************<\/p>\n<p>&nbsp;<\/p>\n<p>&nbsp;<\/p>\n<p><strong>Tem corrup\u00e7ao no governo? Onde?<\/strong><br \/>\nEsses dias li em algum blog que a escolha das ag\u00eancias de publicidade do Governo poderiam ser de &#8220;cartas marcadas&#8221;. A\u00ed pergunto a voc\u00ea: o que fazer com uma informa\u00e7\u00e3o dessas que \u00e9 levada ao p\u00fablico em geral? Acredito que, como gestores, temos de verificar e averiguar qualquer tipo de informa\u00e7\u00e3o ou den\u00fancia de eventuais irregularidades no governo. Isso vale para qualquer \u00e1rea. Quando recebi de empres\u00e1rios essa quest\u00e3o da Secretaria da Fazenda, informei imediatamente ao Governador. E vou continuar procedendo dessa forma, doa a quem doer.<\/p>\n<p>&nbsp;<\/p>\n<p><strong>O governador Rodrigo Rollemberg \u00e9 omisso ou conivente com suspeitas de corrup\u00e7\u00e3o?<\/strong><br \/>\nSe fui interpretado por desrespeito com o governador, jamais foi minha inten\u00e7\u00e3o, muito pelo contrario, pois tendo nascido em fam\u00edlia humilde e lutado com ela para sobreviver, chegar ao cargo de vice-governador do DF junto com o governador Rollemberg \u00e9 uma ben\u00e7\u00e3o, uma honra. Todo esse epis\u00f3dio tem sido importante para um amadurecimento sobre a pol\u00edtica com &#8220;P&#8221; mai\u00fasculo e a &#8220;politicagem com&#8221; &#8220;p&#8221; min\u00fasculo. Procuro fazer pol\u00edtica por meio do meu trabalho nas comunidades do DF. Nesse ano e sete meses de governo, acumulei, sem nenhum constrangimento ou complexo de rebaixamento, as fun\u00e7\u00f5es de vice-governador e administrador regional de varias cidades do DF. Trabalhar para resolver os problemas perto das pessoas l\u00e1 na ponta \u00e9 o que me d\u00e1 alegria e satisfa\u00e7\u00e3o.<\/p>\n<p>&nbsp;<\/p>\n<p><strong>Sentiu-se constrangido com a divulga\u00e7\u00e3o de conversas que manteve com a presidente do SindSaude, Marli Rodrigues?<\/strong><br \/>\nImagina voc\u00ea ser gravado numa visita na Casa da Marli, logo depois de ela ter tido um grave problema de sa\u00fade, num bate papo informal. Quem me conhece sabe que sou espont\u00e2neo e trato todos de forma igual, sem distin\u00e7\u00e3o, e posso at\u00e9 ser criticado por esse meu jeito, mas sempre fui assim. Quando fa\u00e7o criticas ao governo, \u00e9 \u00f3bvio que me incluo nas criticas. N\u00e3o as fa\u00e7o de forma pejorativa, mas at\u00e9 mesmo como autocr\u00edtica. N\u00e3o tenho obriga\u00e7\u00e3o de, caso n\u00e3o concorde com uma a\u00e7\u00e3o do governo, ficar inerte ou calado. Cada um tem um estilo e esse \u00e9 o meu. Por exemplo, quando se falou em demiss\u00e3o de servidor est\u00e1vel, por conta da situa\u00e7\u00e3o grave que encontramos o governo, fui taxativo ao dizer que o dia que opt\u00e1ssemos por demitir, renunciaria um dia antes! Nossa miss\u00e3o \u00e9 e sempre ser\u00e1 de buscar solu\u00e7\u00f5es para os problemas.<\/p>\n<p>&nbsp;<\/p>\n<p><strong>Por que a presidente do SindSa\u00fade gravou tanta gente?<\/strong><br \/>\nMarli e eu estamos e sempre estivemos em campos opostos na pol\u00edtica do DF. Ela sempre ligada ao PT e eu, oposi\u00e7\u00e3o ao PT. O que n\u00e3o impede que nos relacionemos institucionalmente. Por que ela gravou? Somente ela pode responder. Eu jamais faria isso com qualquer pessoa. Quanto aos conte\u00fados, n\u00e3o podem ser descontextualizados pela politicagem rasteira.<\/p>\n<p>&nbsp;<\/p>\n<p><strong>Haver\u00e1 constrangimentos na acarea\u00e7\u00e3o com ela na CPI da Saude?<\/strong><br \/>\nRespeito o trabalho dos deputados distritais e o que puder fazer para colaborar na CPI farei sem nenhum constrangimento.<\/p>\n<p>&nbsp;<\/p>\n<p><strong>Rollemberg exonerou um servidor da vice-governadoria, o entao ouvidor Valdecir Medeiros. Acha que ele agiu corretamente?<\/strong><br \/>\nAs nomea\u00e7\u00f5es e exonera\u00e7\u00f5es s\u00e3o prerrogativas exclusivas do governador. Sou amigo do Valdecir ha d\u00e9cadas e ele sempre foi um dedicado servidor. Quando fui abordado acerca de um processo em apura\u00e7\u00e3o no Planejamento, do qual n\u00e3o tinha conhecimento, afirmei que caso fosse constatado algo que desabasse a conduta dele, ele seria exonerado imediatamente. O tempo e a apura\u00e7\u00e3o dir\u00e3o.<\/p>\n<p>&nbsp;<\/p>\n<p><strong>Como est\u00e1 a rela\u00e7\u00e3o com o governador? Ha chance de voc\u00eas fazerem as pazes?<\/strong><br \/>\nNunca briguei com o governador. Acredito que tudo isso que esta acontecendo ser\u00e1 esclarecido. Cheguei at\u00e9 a imaginar que uma parte da equipe do governador nunca me &#8220;aceitou&#8221; desde o principio e talvez isso tenha criado uma dist\u00e2ncia entre n\u00f3s. Se ele me chamar para uma reuni\u00e3o ou um simples bate-papo estou \u00e0 disposi\u00e7\u00e3o, 24 horas por dia, e ele sabe disso. A popula\u00e7\u00e3o sempre nos cobrar\u00e1 resultados. Quando enviamos tributos aos contribuintes, n\u00e3o perguntamos se est\u00e3o de bem ou n\u00e3o com o governo. Eles pagam e podem e devem participar, sugerir, decidir, reclamar e criticar.<\/p>\n<p>&nbsp;<\/p>\n<p><strong>Se n\u00e3o fizerem as pazes, como vao tocar o governo juntos at\u00e9 2018?<\/strong><br \/>\nO mais importante n\u00e3o \u00e9 pensar nas pr\u00f3ximas elei\u00e7\u00f5es e sim resolver os graves e complexos problemas que temos no DF. Sinceramente n\u00e3o penso nas pr\u00f3ximas elei\u00e7\u00f5es. Se conseguirmos melhorar a vida da popula\u00e7\u00e3o do DF nesse per\u00edodo, j\u00e1 ser\u00e1 o suficiente para comemorarmos.<\/p>\n","protected":false},"excerpt":{"rendered":"<p>Entrevista:\u00a0Renato Santana, vice-governador do DF &nbsp; ***************** &nbsp; &nbsp; Tem corrup\u00e7ao no governo? Onde? Esses dias li em algum blog que a escolha das ag\u00eancias de publicidade do Governo poderiam ser de &#8220;cartas marcadas&#8221;. A\u00ed pergunto a voc\u00ea: o que fazer com uma informa\u00e7\u00e3o dessas que \u00e9 levada ao p\u00fablico em geral? Acredito que, como gestores, temos de verificar e [&hellip;]<\/p>\n","protected":false},"author":9,"featured_media":4627,"comment_status":"open","ping_status":"closed","sticky":false,"template":"","format":"standard","meta":{"footnotes":""},"categories":[234],"tags":[],"class_list":["post-4991","post","type-post","status-publish","format-standard","has-post-thumbnail","hentry","category-cb-poder"],"_links":{"self":[{"href":"https:\/\/blogs.correiobraziliense.com.br\/cbpoder\/wp-json\/wp\/v2\/posts\/4991","targetHints":{"allow":["GET"]}}],"collection":[{"href":"https:\/\/blogs.correiobraziliense.com.br\/cbpoder\/wp-json\/wp\/v2\/posts"}],"about":[{"href":"https:\/\/blogs.correiobraziliense.com.br\/cbpoder\/wp-json\/wp\/v2\/types\/post"}],"author":[{"embeddable":true,"href":"https:\/\/blogs.correiobraziliense.com.br\/cbpoder\/wp-json\/wp\/v2\/users\/9"}],"replies":[{"embeddable":true,"href":"https:\/\/blogs.correiobraziliense.com.br\/cbpoder\/wp-json\/wp\/v2\/comments?post=4991"}],"version-history":[{"count":1,"href":"https:\/\/blogs.correiobraziliense.com.br\/cbpoder\/wp-json\/wp\/v2\/posts\/4991\/revisions"}],"predecessor-version":[{"id":4992,"href":"https:\/\/blogs.correiobraziliense.com.br\/cbpoder\/wp-json\/wp\/v2\/posts\/4991\/revisions\/4992"}],"wp:featuredmedia":[{"embeddable":true,"href":"https:\/\/blogs.correiobraziliense.com.br\/cbpoder\/wp-json\/wp\/v2\/media\/4627"}],"wp:attachment":[{"href":"https:\/\/blogs.correiobraziliense.com.br\/cbpoder\/wp-json\/wp\/v2\/media?parent=4991"}],"wp:term":[{"taxonomy":"category","embeddable":true,"href":"https:\/\/blogs.correiobraziliense.com.br\/cbpoder\/wp-json\/wp\/v2\/categories?post=4991"},{"taxonomy":"post_tag","embeddable":true,"href":"https:\/\/blogs.correiobraziliense.com.br\/cbpoder\/wp-json\/wp\/v2\/tags?post=4991"}],"curies":[{"name":"wp","href":"https:\/\/api.w.org\/{rel}","templated":true}]}}