{"id":4969,"date":"2016-07-29T10:35:47","date_gmt":"2016-07-29T13:35:47","guid":{"rendered":"https:\/\/blogs.correiobraziliense.com.br\/cbpoder\/?p=4969"},"modified":"2016-07-29T10:38:00","modified_gmt":"2016-07-29T13:38:00","slug":"o-senador-campeao-dos-comissionados","status":"publish","type":"post","link":"https:\/\/blogs.correiobraziliense.com.br\/cbpoder\/o-senador-campeao-dos-comissionados\/","title":{"rendered":"H\u00e9lio Jos\u00e9 \u00e9 o recordista de comissionados no Senado"},"content":{"rendered":"<p>Imagine uma equipe com 91 pessoas trabalhando por um \u00fanico prop\u00f3sito. Essa \u00e9 a estrutura do gabinete do senador H\u00e9lio Jos\u00e9 (PMDB-DF), o pol\u00edtico que herdou o mandato com a elei\u00e7\u00e3o de Rodrigo Rollemberg (PSB). Ele \u00e9 o campe\u00e3o no Senado em n\u00fameros de contrata\u00e7\u00f5es. Tem 11 servidores a mais que o segundo colocado, o senador Fernando Collor (PTC-AL). O terceiro no ranking, Jo\u00e3o Alberto (PMDB-MA), tem 79. H\u00e9lio Jos\u00e9 conta com 54 comissionados no Senado e outros 27 no escrit\u00f3rio pol\u00edtico. Apenas seis s\u00e3o concursados. Ele tem ainda terceirizados. S\u00e3o dois copeiros e dois cont\u00ednuos em dedica\u00e7\u00e3o exclusiva.<br \/>\n<strong>Gabinete enxuto<\/strong><br \/>\nNa outra ponta, Jos\u00e9 Ant\u00f4nio Reguffe (sem partido- DF) \u00e9 o que tem a menor equipe em todo o Senado. S\u00e3o nove funcion\u00e1rios. Entre os que menos contrataram, aparecem tamb\u00e9m Laiser Martins (PDT\/RS), com 19 assessores, e Tasso Jereissati (PSDB\/CE), com 20. O senador Cristovam Buarque (PPS-DF) tem 28 assessores.<\/p>\n","protected":false},"excerpt":{"rendered":"<p>Imagine uma equipe com 91 pessoas trabalhando por um \u00fanico prop\u00f3sito. Essa \u00e9 a estrutura do gabinete do senador H\u00e9lio Jos\u00e9 (PMDB-DF), o pol\u00edtico que herdou o mandato com a elei\u00e7\u00e3o de Rodrigo Rollemberg (PSB). Ele \u00e9 o campe\u00e3o no Senado em n\u00fameros de contrata\u00e7\u00f5es. Tem 11 servidores a mais que o segundo colocado, o senador Fernando Collor (PTC-AL). O [&hellip;]<\/p>\n","protected":false},"author":9,"featured_media":4970,"comment_status":"open","ping_status":"closed","sticky":false,"template":"","format":"standard","meta":{"footnotes":""},"categories":[234],"tags":[],"class_list":["post-4969","post","type-post","status-publish","format-standard","has-post-thumbnail","hentry","category-cb-poder"],"_links":{"self":[{"href":"https:\/\/blogs.correiobraziliense.com.br\/cbpoder\/wp-json\/wp\/v2\/posts\/4969","targetHints":{"allow":["GET"]}}],"collection":[{"href":"https:\/\/blogs.correiobraziliense.com.br\/cbpoder\/wp-json\/wp\/v2\/posts"}],"about":[{"href":"https:\/\/blogs.correiobraziliense.com.br\/cbpoder\/wp-json\/wp\/v2\/types\/post"}],"author":[{"embeddable":true,"href":"https:\/\/blogs.correiobraziliense.com.br\/cbpoder\/wp-json\/wp\/v2\/users\/9"}],"replies":[{"embeddable":true,"href":"https:\/\/blogs.correiobraziliense.com.br\/cbpoder\/wp-json\/wp\/v2\/comments?post=4969"}],"version-history":[{"count":3,"href":"https:\/\/blogs.correiobraziliense.com.br\/cbpoder\/wp-json\/wp\/v2\/posts\/4969\/revisions"}],"predecessor-version":[{"id":4973,"href":"https:\/\/blogs.correiobraziliense.com.br\/cbpoder\/wp-json\/wp\/v2\/posts\/4969\/revisions\/4973"}],"wp:featuredmedia":[{"embeddable":true,"href":"https:\/\/blogs.correiobraziliense.com.br\/cbpoder\/wp-json\/wp\/v2\/media\/4970"}],"wp:attachment":[{"href":"https:\/\/blogs.correiobraziliense.com.br\/cbpoder\/wp-json\/wp\/v2\/media?parent=4969"}],"wp:term":[{"taxonomy":"category","embeddable":true,"href":"https:\/\/blogs.correiobraziliense.com.br\/cbpoder\/wp-json\/wp\/v2\/categories?post=4969"},{"taxonomy":"post_tag","embeddable":true,"href":"https:\/\/blogs.correiobraziliense.com.br\/cbpoder\/wp-json\/wp\/v2\/tags?post=4969"}],"curies":[{"name":"wp","href":"https:\/\/api.w.org\/{rel}","templated":true}]}}