{"id":4962,"date":"2016-07-28T20:11:03","date_gmt":"2016-07-28T23:11:03","guid":{"rendered":"https:\/\/blogs.correiobraziliense.com.br\/cbpoder\/?p=4962"},"modified":"2016-07-28T20:11:03","modified_gmt":"2016-07-28T23:11:03","slug":"celina-leao-ataca-rollemberg-e-o-compara-agnelo","status":"publish","type":"post","link":"https:\/\/blogs.correiobraziliense.com.br\/cbpoder\/celina-leao-ataca-rollemberg-e-o-compara-agnelo\/","title":{"rendered":"Celina Le\u00e3o ataca Rollemberg e o compara a Agnelo"},"content":{"rendered":"<p>Em nota divulgada nesta noite (28), a presidente da C\u00e2mara Legislativa, Celina Le\u00e3o (PPS), atacou o governo de Rodrigo Rollemberg e saiu em defesa da principal denunciante da CPI da Sa\u00fade, a presidente do SindSa\u00fade, Marli Rodrigues, e do delegado Rafael Sampaio, vice-presidente do Sindicato dos Delegados de Pol\u00edcia Civil (Sindepo).<\/p>\n<p>Celina afirma que o governo Rolllemberg tenta desqualificar quem aponta suspeitas de corrup\u00e7\u00e3o, agiu indevidamente com o delegado que lidera a for\u00e7a-tarefa para auxiliar a CPI da Sa\u00fade e fechou o canal de comunica\u00e7\u00e3o para negocia\u00e7\u00e3o salarial com a Pol\u00edcia Civil.<\/p>\n<p>Aliada de campanha de Rollemberg, a deputada que se elegeu presidente da C\u00e2mara com a ajuda dele, agora se diz desapontada com os rumos do governo e o compara com o antecessor. &#8220;(O atual governo) tornou-se uma continua\u00e7\u00e3o do Governo Agnelo, que a deputada Celina tanto combateu&#8221;.<\/p>\n<p>Celina e Rollemberg romperam a alian\u00e7a pol\u00edtica depois da interfer\u00eancia dele na aprova\u00e7\u00e3o da emenda \u00e0 Lei Org\u00e2nica do DF que permitiria a reelei\u00e7\u00e3o de membros da Mesa Diretora numa mesma legislatura. Na pr\u00e1tica, significaria a possibilidade de um novo mandato para a distrital no comando da Casa.<\/p>\n<p>Veja a nota da presidente da C\u00e2mara Legislativa:<\/p>\n<p>&#8220;A Deputada Celina Le\u00e3o, Presidente da C\u00e2mara Legislativa, manifesta apoio incondicional as investiga\u00e7\u00f5es da CPI da Sa\u00fade e repudia, veementemente, os atos do GDF contr\u00e1rios \u00e0s investiga\u00e7\u00f5es.<\/p>\n<p>\u200b\u200bA Parlamentar suspendeu o recesso legislativo e convocou extraordinariamente a C\u00e2mara, para que os Membros da CPI pudessem discutir as novas den\u00fancias veiculadas na imprensa, fazer oitivas em fun\u00e7\u00e3o dos \u00e1udios de conversas comprometedoras de servidores com autoridades, que demonstravam ind\u00edcios de corrup\u00e7\u00e3o no GDF.<\/p>\n<p>\u200b Celina condena a forma como o atual governo age no prop\u00f3sito de desqualificar a denunciante, Marli Rodrigues, que de forma corajosa, traz a p\u00fablico not\u00edcias de poss\u00edveis irregularidades implantadas na pasta da sa\u00fade.\u200b\u200b<\/p>\n<p>Neste momento delicado, vem o GDF com mais um ato de covardia ao exonerar o Delegado de Pol\u00edcia Rafael de S\u00e1 Sampaio, que, juntamente com uma equipe de Delegados ofereceu, voluntariamente, ajuda nas investiga\u00e7\u00f5es.<\/p>\n<p>\u200bA Presidente da CLDF entende que, nesta crise toda ajuda para a CPI \u00e9 bem-vinda, quanto mais vindo de uma pol\u00edcia s\u00e9ria e comprometida com a verdade.<\/p>\n<p>A Deputada repudia, ainda, o fato do governo ter fechado todo o canal de negocia\u00e7\u00e3o com os policiais civis do DF, na busca de alternativa de recomposi\u00e7\u00e3o salarial. Celina diz que n\u00e3o se pode crucificar toda uma categoria, s\u00f3 pelo fato da pol\u00edcia investigar, de forma independente, atos do GDF.<\/p>\n<p>\u200b\u200bA Parlamentar entende, ainda, que este Governo, que ela ajudou a eleger, perdeu o rumo de suas propostas de campanha. Tornou-se uma continua\u00e7\u00e3o do Governo Agnelo, que a Deputada Celina tanto combateu e hoje, o ex-governador responde h\u00e1 dezenas de processos c\u00edveis e criminais, na maioria, por conta de suas representa\u00e7\u00f5es. \u200b<\/p>\n<p>\u00c9 importante lembrar que, por meio das fiscaliza\u00e7\u00f5es realizadas por Celina, a justi\u00e7a anulou os contratos da licita\u00e7\u00e3o do transporte p\u00fablico. Mesmo sabendo disto, o atual Governo n\u00e3o tomou provid\u00eancias no sentido de cumprir com a decis\u00e3o judicial.<\/p>\n<p>O Governador Rodrigo Rollemberg teve a oportunidade de estancar a corrup\u00e7\u00e3o instalada desde o governo passado e n\u00e3o o fez. Os modus operandi da corrup\u00e7\u00e3o continuam neste governo&#8221;.<\/p>\n<p>Deputada CELINA LE\u00c3O<\/p>\n<p>Presidente da CLDF<\/p>\n","protected":false},"excerpt":{"rendered":"<p>Em nota divulgada nesta noite (28), a presidente da C\u00e2mara Legislativa, Celina Le\u00e3o (PPS), atacou o governo de Rodrigo Rollemberg e saiu em defesa da principal denunciante da CPI da Sa\u00fade, a presidente do SindSa\u00fade, Marli Rodrigues, e do delegado Rafael Sampaio, vice-presidente do Sindicato dos Delegados de Pol\u00edcia Civil (Sindepo). Celina afirma que o governo Rolllemberg tenta desqualificar quem [&hellip;]<\/p>\n","protected":false},"author":9,"featured_media":4963,"comment_status":"open","ping_status":"closed","sticky":false,"template":"","format":"standard","meta":{"footnotes":""},"categories":[234],"tags":[],"class_list":["post-4962","post","type-post","status-publish","format-standard","has-post-thumbnail","hentry","category-cb-poder"],"_links":{"self":[{"href":"https:\/\/blogs.correiobraziliense.com.br\/cbpoder\/wp-json\/wp\/v2\/posts\/4962","targetHints":{"allow":["GET"]}}],"collection":[{"href":"https:\/\/blogs.correiobraziliense.com.br\/cbpoder\/wp-json\/wp\/v2\/posts"}],"about":[{"href":"https:\/\/blogs.correiobraziliense.com.br\/cbpoder\/wp-json\/wp\/v2\/types\/post"}],"author":[{"embeddable":true,"href":"https:\/\/blogs.correiobraziliense.com.br\/cbpoder\/wp-json\/wp\/v2\/users\/9"}],"replies":[{"embeddable":true,"href":"https:\/\/blogs.correiobraziliense.com.br\/cbpoder\/wp-json\/wp\/v2\/comments?post=4962"}],"version-history":[{"count":1,"href":"https:\/\/blogs.correiobraziliense.com.br\/cbpoder\/wp-json\/wp\/v2\/posts\/4962\/revisions"}],"predecessor-version":[{"id":4964,"href":"https:\/\/blogs.correiobraziliense.com.br\/cbpoder\/wp-json\/wp\/v2\/posts\/4962\/revisions\/4964"}],"wp:featuredmedia":[{"embeddable":true,"href":"https:\/\/blogs.correiobraziliense.com.br\/cbpoder\/wp-json\/wp\/v2\/media\/4963"}],"wp:attachment":[{"href":"https:\/\/blogs.correiobraziliense.com.br\/cbpoder\/wp-json\/wp\/v2\/media?parent=4962"}],"wp:term":[{"taxonomy":"category","embeddable":true,"href":"https:\/\/blogs.correiobraziliense.com.br\/cbpoder\/wp-json\/wp\/v2\/categories?post=4962"},{"taxonomy":"post_tag","embeddable":true,"href":"https:\/\/blogs.correiobraziliense.com.br\/cbpoder\/wp-json\/wp\/v2\/tags?post=4962"}],"curies":[{"name":"wp","href":"https:\/\/api.w.org\/{rel}","templated":true}]}}