{"id":4950,"date":"2016-07-28T11:39:18","date_gmt":"2016-07-28T14:39:18","guid":{"rendered":"https:\/\/blogs.correiobraziliense.com.br\/cbpoder\/?p=4950"},"modified":"2016-07-28T11:41:40","modified_gmt":"2016-07-28T14:41:40","slug":"nova-gravacao-do-vice","status":"publish","type":"post","link":"https:\/\/blogs.correiobraziliense.com.br\/cbpoder\/nova-gravacao-do-vice\/","title":{"rendered":"\u201cAinda vai sair gente presa\u201d, diz o vice-governador, em nova grava\u00e7\u00e3o"},"content":{"rendered":"<p>Se vier \u00e0 tona, uma nova grava\u00e7\u00e3o, ainda in\u00e9dita, vai ampliar o distanciamento entre Rodrigo Rollemberg (PSB) e Renato Santana. A presidente do SindSa\u00fade, Marli Rodrigues, registrou em \u00e1udio um encontro que teve com o vice-governador no come\u00e7o do ano, na casa dela, no N\u00facleo Bandeirante. O n\u00famero dois do Pal\u00e1cio do Buriti critica os dois carros-chefe da gest\u00e3o de Rollemberg: a ado\u00e7\u00e3o de organiza\u00e7\u00f5es sociais na gest\u00e3o da sa\u00fade e as parcerias p\u00fablico-privadas. Num dos trechos, o vice diz que decidiu devolver a responsabilidade pelas PPPs para o governo. Nos dois casos, levanta suspeitas de corrup\u00e7\u00e3o. \u201cAinda vai sair gente presa\u201d, diz o vice. S\u00e3o quase tr\u00eas horas de di\u00e1logo.<\/p>\n<p>&nbsp;<\/p>\n<p><strong>Transfer\u00eancia de poder<\/strong><\/p>\n<figure id=\"attachment_4952\" aria-describedby=\"caption-attachment-4952\" style=\"width: 300px\" class=\"wp-caption alignnone\"><a href=\"https:\/\/blogs.correiobraziliense.com.br\/cbpoder\/wp-content\/uploads\/sites\/5\/2016\/07\/Arthur-Bernardes-secret\u00e1rio.jpg\" rel=\"attachment wp-att-4952\"><img loading=\"lazy\" decoding=\"async\" class=\"size-medium wp-image-4952\" src=\"https:\/\/blogs.correiobraziliense.com.br\/cbpoder\/wp-content\/uploads\/sites\/5\/2016\/07\/Arthur-Bernardes-secret\u00e1rio-300x199.jpg\" alt=\"Cr\u00e9dito: Carlos Moura\/CB\/D.A.Press\" width=\"300\" height=\"199\" srcset=\"https:\/\/blogs.correiobraziliense.com.br\/cbpoder\/wp-content\/uploads\/sites\/5\/2016\/07\/Arthur-Bernardes-secret\u00e1rio-300x199.jpg 300w, https:\/\/blogs.correiobraziliense.com.br\/cbpoder\/wp-content\/uploads\/sites\/5\/2016\/07\/Arthur-Bernardes-secret\u00e1rio-768x510.jpg 768w, https:\/\/blogs.correiobraziliense.com.br\/cbpoder\/wp-content\/uploads\/sites\/5\/2016\/07\/Arthur-Bernardes-secret\u00e1rio-350x232.jpg 350w, https:\/\/blogs.correiobraziliense.com.br\/cbpoder\/wp-content\/uploads\/sites\/5\/2016\/07\/Arthur-Bernardes-secret\u00e1rio-550x365.jpg 550w, https:\/\/blogs.correiobraziliense.com.br\/cbpoder\/wp-content\/uploads\/sites\/5\/2016\/07\/Arthur-Bernardes-secret\u00e1rio-230x153.jpg 230w, https:\/\/blogs.correiobraziliense.com.br\/cbpoder\/wp-content\/uploads\/sites\/5\/2016\/07\/Arthur-Bernardes-secret\u00e1rio.jpg 800w\" sizes=\"auto, (max-width: 300px) 100vw, 300px\" \/><\/a><figcaption id=\"caption-attachment-4952\" class=\"wp-caption-text\">Cr\u00e9dito: Carlos Moura\/CB\/D.A.Press<\/figcaption><\/figure>\n<p>Num dos trechos da conversa, Renato Santana conta para a sindicalista Marli Rodrigues que o seu partido, o PSD, decidiu \u201cdevolver\u201d para o governo a condu\u00e7\u00e3o dos projetos de parceria p\u00fablico-privada que ficavam a cargo da Secretaria de Desenvolvimento Econ\u00f4mico. O titular da pasta, Arthur Bernardes (foto), \u00e9 indicado pelo grupo pol\u00edtico do vice-governador e do deputado Rog\u00e9rio Rosso (PSD-DF). O motivo de desistir de uma \u00e1rea t\u00e3o importante seria a discord\u00e2ncia quanto \u00e0 forma como o governo Rollemberg estaria tratando o processo. Em mar\u00e7o, houve, de fato, a troca. A Secretaria de Fazenda assumiu essa fun\u00e7\u00e3o.<\/p>\n<p>&nbsp;<br \/>\n<strong>M\u00e9todos de espionagem<\/strong><br \/>\nA presidente do SindSa\u00fade, Marli Rodrigues, usou um equipamento grudado no corpo para gravar o vice-governador Renato Santana. A grava\u00e7\u00e3o foi entregue ao Minist\u00e9rio P\u00fablico de Contas e ao Minist\u00e9rio P\u00fablico do Distrito Federal e Territ\u00f3rios (MPDFT).<\/p>\n<p>&nbsp;<br \/>\n<strong>Sem coment\u00e1rios<\/strong><\/p>\n<p>Procurado pela coluna, o vice-governador Renato Santana n\u00e3o quis se manifestar especificamente sobre a grava\u00e7\u00e3o in\u00e9dita feita pela sindicalista Marli Rodrigues. Em nota, ele disse que \u201cest\u00e1 tranquilo de que n\u00e3o cometeu nenhuma ilicitude, segue reiterando o rep\u00fadio \u00e0s grava\u00e7\u00f5es ilegais e est\u00e1 \u00e0 disposi\u00e7\u00e3o dos \u00f3rg\u00e3os de controle para quaisquer esclarecimentos que julgarem necess\u00e1rios\u201d.<\/p>\n","protected":false},"excerpt":{"rendered":"<p>Se vier \u00e0 tona, uma nova grava\u00e7\u00e3o, ainda in\u00e9dita, vai ampliar o distanciamento entre Rodrigo Rollemberg (PSB) e Renato Santana. A presidente do SindSa\u00fade, Marli Rodrigues, registrou em \u00e1udio um encontro que teve com o vice-governador no come\u00e7o do ano, na casa dela, no N\u00facleo Bandeirante. O n\u00famero dois do Pal\u00e1cio do Buriti critica os dois carros-chefe da gest\u00e3o de [&hellip;]<\/p>\n","protected":false},"author":9,"featured_media":4951,"comment_status":"open","ping_status":"closed","sticky":false,"template":"","format":"standard","meta":{"footnotes":""},"categories":[234],"tags":[],"class_list":["post-4950","post","type-post","status-publish","format-standard","has-post-thumbnail","hentry","category-cb-poder"],"_links":{"self":[{"href":"https:\/\/blogs.correiobraziliense.com.br\/cbpoder\/wp-json\/wp\/v2\/posts\/4950","targetHints":{"allow":["GET"]}}],"collection":[{"href":"https:\/\/blogs.correiobraziliense.com.br\/cbpoder\/wp-json\/wp\/v2\/posts"}],"about":[{"href":"https:\/\/blogs.correiobraziliense.com.br\/cbpoder\/wp-json\/wp\/v2\/types\/post"}],"author":[{"embeddable":true,"href":"https:\/\/blogs.correiobraziliense.com.br\/cbpoder\/wp-json\/wp\/v2\/users\/9"}],"replies":[{"embeddable":true,"href":"https:\/\/blogs.correiobraziliense.com.br\/cbpoder\/wp-json\/wp\/v2\/comments?post=4950"}],"version-history":[{"count":3,"href":"https:\/\/blogs.correiobraziliense.com.br\/cbpoder\/wp-json\/wp\/v2\/posts\/4950\/revisions"}],"predecessor-version":[{"id":4955,"href":"https:\/\/blogs.correiobraziliense.com.br\/cbpoder\/wp-json\/wp\/v2\/posts\/4950\/revisions\/4955"}],"wp:featuredmedia":[{"embeddable":true,"href":"https:\/\/blogs.correiobraziliense.com.br\/cbpoder\/wp-json\/wp\/v2\/media\/4951"}],"wp:attachment":[{"href":"https:\/\/blogs.correiobraziliense.com.br\/cbpoder\/wp-json\/wp\/v2\/media?parent=4950"}],"wp:term":[{"taxonomy":"category","embeddable":true,"href":"https:\/\/blogs.correiobraziliense.com.br\/cbpoder\/wp-json\/wp\/v2\/categories?post=4950"},{"taxonomy":"post_tag","embeddable":true,"href":"https:\/\/blogs.correiobraziliense.com.br\/cbpoder\/wp-json\/wp\/v2\/tags?post=4950"}],"curies":[{"name":"wp","href":"https:\/\/api.w.org\/{rel}","templated":true}]}}