{"id":4947,"date":"2016-07-28T06:00:22","date_gmt":"2016-07-28T09:00:22","guid":{"rendered":"https:\/\/blogs.correiobraziliense.com.br\/cbpoder\/?p=4947"},"modified":"2016-07-27T19:37:50","modified_gmt":"2016-07-27T22:37:50","slug":"carlos-sobral-pf-nao-tem-recebido-devida-atencao-do-governo-federal-nos-ultimos-anos","status":"publish","type":"post","link":"https:\/\/blogs.correiobraziliense.com.br\/cbpoder\/carlos-sobral-pf-nao-tem-recebido-devida-atencao-do-governo-federal-nos-ultimos-anos\/","title":{"rendered":"Carlos Sobral: &#8220;A PF n\u00e3o tem recebido a devida aten\u00e7\u00e3o do governo federal nos \u00faltimos anos&#8221;"},"content":{"rendered":"<p>\u00c0s v\u00e9speras do in\u00edcio dos Jogos Ol\u00edmpicos, a Pol\u00edcia Federal amea\u00e7a deflagrar paralisa\u00e7\u00f5es como forma de pressionar o presidente em exerc\u00edcio, Michel Temer, a encaminhar ao Congresso a mensagem com o reajuste da categoria. H\u00e1 um acordo com o governo federal para o aumento, em tr\u00eas parcelas, que chega a 37%. Mas a demora do envio da mat\u00e9ria para autoriza\u00e7\u00e3o parlamentar preocupa a classe.<\/p>\n<p>Em entrevista ao Correio, o presidente da Associa\u00e7\u00e3o Nacional dos Delegados de Pol\u00edcia Federal (ADPF), Carlos Eduardo Sobral, sustenta que o movimento n\u00e3o vai prejudicar a seguran\u00e7a nas Olimp\u00edadas, mas pode prejudicar, com o tempo, investiga\u00e7\u00f5es importantes, como a Opera\u00e7\u00e3o Lava-Jato.\u00a0\u201cSem sombra de d\u00favida a Pol\u00edcia Federal n\u00e3o tem recebido a devida aten\u00e7\u00e3o do governo federal nos \u00faltimos anos\u201d, acredita0<\/p>\n<p><strong>O reajuste da Pol\u00edcia Federal est\u00e1 amea\u00e7ado?<\/strong><br \/>\nO governo firmou um acordo com a categoria em maio, e at\u00e9 o momento n\u00e3o o cumpriu. A minuta produzida pelo Minist\u00e9rio do Planejamento j\u00e1 foi enviada \u00e0 Casa Civil, que por sua vez teve o ok por parte do Minist\u00e9rio da Justi\u00e7a. Por que, ent\u00e3o, esse atraso? O pr\u00f3prio governo mandou o projeto da Receita Federal ao Congresso. N\u00e3o d\u00e1 para n\u00e3o encaminhar tamb\u00e9m o da Pol\u00edcia Federal.<\/p>\n<p><strong>Qual era o acordo? De quanto \u00e9 o reajuste?<\/strong><br \/>\nO acordo contempla a recomposi\u00e7\u00e3o das perdas inflacion\u00e1rias relativas ao per\u00edodo de janeiro de 2012 a abril deste ano, a ser recomposta, em parcelas anuais, at\u00e9 2019. O que significa dizer que a infla\u00e7\u00e3o de 2016 a 2019 impactar\u00e1 no sal\u00e1rio dos delegados federais. O que \u00e9 um bom neg\u00f3cio para o governo federal. Importante assinalar que todas as carreiras do servi\u00e7o p\u00fablico ter\u00e3o reajustes a partir de 1\u00ba de agosto. O acordo dos delegados federais prev\u00ea a primeira parcela somente para o ano que vem. O reajuste m\u00e9dio \u00e9 de 37%.<\/p>\n<p><strong>H\u00e1 descaso com a categoria?<\/strong><br \/>\nSem sombra de d\u00favida a Pol\u00edcia Federal n\u00e3o tem recebido a devida aten\u00e7\u00e3o do governo federal nos \u00faltimos anos. A institui\u00e7\u00e3o sofre com queda no or\u00e7amento, cargos vagos sem previs\u00e3o de realiza\u00e7\u00e3o de concurso p\u00fablico e arrocho salarial imposto aos delegados federais. Sinais claros de descaso do governo com a PF.<\/p>\n<p><strong>Uma poss\u00edvel paralisa\u00e7\u00e3o da categoria para pressionar o governo pode prejudicar a Lava-Jato ou outras investiga\u00e7\u00f5es?<\/strong><br \/>\nOs primeiros atos p\u00fablicos programados pelos delegados federais t\u00eam como objetivo demonstrar o descaso do governo com a Pol\u00edcia Federal. Caso o n\u00e3o cumprimento do acordo permane\u00e7a, os delegados podem deflagrar a greve. Nessas circunst\u00e2ncias, as investiga\u00e7\u00f5es em andamento podem, sim, sofrer preju\u00edzos. Entretanto, acreditamos que o governo ir\u00e1 cumprir sua parte no acordo, evitando assim que a sociedade seja prejudicada.<\/p>\n<p><strong>Que tipo de servi\u00e7os podem ser paralisados?<\/strong><br \/>\nA Pol\u00edcia Federal exerce servi\u00e7o p\u00fablico essencial. \u00c9 evidente que nenhum servi\u00e7o ser\u00e1 completamente suspenso ou paralisado, principalmente os que envolvem seguran\u00e7a p\u00fablica e outros servi\u00e7os p\u00fablicos, como emiss\u00e3o de passaportes e controle migrat\u00f3rio. Os delegados que coordenam a seguran\u00e7a das Olimp\u00edadas tamb\u00e9m n\u00e3o participar\u00e3o do movimento, devendo somente aderir ap\u00f3s o t\u00e9rmino dos Jogos, em outubro.<\/p>\n<p><strong>Acha justo o movimento da Pol\u00edcia Civil do DF de paridade com a PF?<\/strong><br \/>\nOs colegas da Pol\u00edcia Civil do DF sofrem com grande defasagem salarial em raz\u00e3o da infla\u00e7\u00e3o nos \u00faltimos anos. Acreditamos que o movimento para recomposi\u00e7\u00e3o do poder de compra salarial da categoria \u00e9 leg\u00edtimo.<\/p>\n","protected":false},"excerpt":{"rendered":"<p>\u00c0s v\u00e9speras do in\u00edcio dos Jogos Ol\u00edmpicos, a Pol\u00edcia Federal amea\u00e7a deflagrar paralisa\u00e7\u00f5es como forma de pressionar o presidente em exerc\u00edcio, Michel Temer, a encaminhar ao Congresso a mensagem com o reajuste da categoria. H\u00e1 um acordo com o governo federal para o aumento, em tr\u00eas parcelas, que chega a 37%. Mas a demora do envio da mat\u00e9ria para autoriza\u00e7\u00e3o [&hellip;]<\/p>\n","protected":false},"author":9,"featured_media":4948,"comment_status":"open","ping_status":"closed","sticky":false,"template":"","format":"standard","meta":{"footnotes":""},"categories":[234],"tags":[],"class_list":["post-4947","post","type-post","status-publish","format-standard","has-post-thumbnail","hentry","category-cb-poder"],"_links":{"self":[{"href":"https:\/\/blogs.correiobraziliense.com.br\/cbpoder\/wp-json\/wp\/v2\/posts\/4947","targetHints":{"allow":["GET"]}}],"collection":[{"href":"https:\/\/blogs.correiobraziliense.com.br\/cbpoder\/wp-json\/wp\/v2\/posts"}],"about":[{"href":"https:\/\/blogs.correiobraziliense.com.br\/cbpoder\/wp-json\/wp\/v2\/types\/post"}],"author":[{"embeddable":true,"href":"https:\/\/blogs.correiobraziliense.com.br\/cbpoder\/wp-json\/wp\/v2\/users\/9"}],"replies":[{"embeddable":true,"href":"https:\/\/blogs.correiobraziliense.com.br\/cbpoder\/wp-json\/wp\/v2\/comments?post=4947"}],"version-history":[{"count":1,"href":"https:\/\/blogs.correiobraziliense.com.br\/cbpoder\/wp-json\/wp\/v2\/posts\/4947\/revisions"}],"predecessor-version":[{"id":4949,"href":"https:\/\/blogs.correiobraziliense.com.br\/cbpoder\/wp-json\/wp\/v2\/posts\/4947\/revisions\/4949"}],"wp:featuredmedia":[{"embeddable":true,"href":"https:\/\/blogs.correiobraziliense.com.br\/cbpoder\/wp-json\/wp\/v2\/media\/4948"}],"wp:attachment":[{"href":"https:\/\/blogs.correiobraziliense.com.br\/cbpoder\/wp-json\/wp\/v2\/media?parent=4947"}],"wp:term":[{"taxonomy":"category","embeddable":true,"href":"https:\/\/blogs.correiobraziliense.com.br\/cbpoder\/wp-json\/wp\/v2\/categories?post=4947"},{"taxonomy":"post_tag","embeddable":true,"href":"https:\/\/blogs.correiobraziliense.com.br\/cbpoder\/wp-json\/wp\/v2\/tags?post=4947"}],"curies":[{"name":"wp","href":"https:\/\/api.w.org\/{rel}","templated":true}]}}