{"id":4944,"date":"2016-07-27T16:36:41","date_gmt":"2016-07-27T19:36:41","guid":{"rendered":"https:\/\/blogs.correiobraziliense.com.br\/cbpoder\/?p=4944"},"modified":"2016-07-27T16:40:27","modified_gmt":"2016-07-27T19:40:27","slug":"rollemberg-avisa-que-nao-pode-garantir-agora-paridade-do-reajuste-da-policia-civil-ao-da-pf","status":"publish","type":"post","link":"https:\/\/blogs.correiobraziliense.com.br\/cbpoder\/rollemberg-avisa-que-nao-pode-garantir-agora-paridade-do-reajuste-da-policia-civil-ao-da-pf\/","title":{"rendered":"Rollemberg avisa que n\u00e3o pode garantir agora paridade do reajuste da Pol\u00edcia Civil ao da PF"},"content":{"rendered":"<p>Em reuni\u00e3o nesta manh\u00e3 (27) com dirigentes de sindicatos que representam a Pol\u00edcia Civil do Distrito Federal, o governador Rodrigo Rollemberg (PSB) afirmou que considera justa a reivindica\u00e7\u00e3o dos policiais civis do Distrito Federal, mas n\u00e3o tem condi\u00e7\u00f5es de garantir agora a paridade\u00a0do reajuste da categoria ao negociado em \u00e2mbito nacional pela Pol\u00edcia Federal (PF). Rollemberg disse que n\u00e3o pode dar um &#8220;cheque em branco&#8221; que futuramente n\u00e3o poder\u00e1 honrar.<\/p>\n<p>Na conversa, no Pal\u00e1cio do Buriti, Rollemberg ressaltou as dificuldades financeiras que o governo enfrenta e que podem piorar a depender do cen\u00e1rio nacional a partir de agosto, como afirmou em nota (leia abaixo). Ele se refere ao processo de impeachment da presidente Dilma Rousseff, que ser\u00e1 julgado no fim do pr\u00f3ximo m\u00eas.<\/p>\n<p>Como medida para encontrar uma solu\u00e7\u00e3Govo para a demanda dos policiais civis, Rollemberg decidiu criar uma comiss\u00e3o para discutir alternativas, composta por dirigentes do Sinpro, Sindepo e Adepol, al\u00e9m do deputado distrital Cl\u00e1udio Abrantes (Rede), que tem origem e base eleitoral na Pol\u00edcia Civil do DF.<\/p>\n<p>Veja a nota do Governo do Distrito Federal:<\/p>\n<p>&#8220;O Governador do Distrito Federal, Rodrigo Rollemberg, vem a p\u00fablico reconhecer a excel\u00eancia do trabalho prestado por todas as carreiras que integram a Pol\u00edcia Civil do Distrito Federal. Nesse sentido, considera justo o pleito das categorias pelo direito \u00e0 paridade historicamente existente entre a Pol\u00edcia Civil do Distrito Federal e a Pol\u00edcia Federal.<\/p>\n<p>No entanto, como governador de toda a popula\u00e7\u00e3o do Distrito Federal, com a necess\u00e1ria responsabilidade no trato dos recursos p\u00fablicos, entende que qualquer compromisso de reajuste salarial deve levar em conta a situa\u00e7\u00e3o de grave crise atravessada pela economia nacional, in\u00e9dita na hist\u00f3ria do Brasil.<\/p>\n<p>Essa crise gerou a queda de 3,8% do PIB brasileiro somente no ano de 2015, o que refletiu, pela primeira vez, na diminui\u00e7\u00e3o dos valores repassados ao Fundo Constitucional do DF no ano de 2016 em compara\u00e7\u00e3o com 2015, no montante de R$ 380 milh\u00f5es. Importante registrar que, em 2015, 50,5% dos recursos do Fundo foram destinados \u00e0 seguran\u00e7a p\u00fablica, percentual esse que evoluiu para 60%, em 2016. O restante dos recursos do Fundo \u00e9 aplicado na Sa\u00fade e na Educa\u00e7\u00e3o no DF.<\/p>\n<p>Aliado a isso, a defini\u00e7\u00e3o do cen\u00e1rio pol\u00edtico-institucional nacional, previsto para agosto, poder\u00e1 emitir sinais importantes sobre o comportamento da economia nos pr\u00f3ximos meses.<\/p>\n<p>Pelo exposto, o Governo necessita avaliar a viabilidade de uma proposta de reajuste salarial condizente com o comportamento da economia brasileira e local. Para isso, sugerimos a imediata cria\u00e7\u00e3o de um comit\u00ea de negocia\u00e7\u00e3o, com a primeira reuni\u00e3o na ter\u00e7a-feira (2\/8\/2016).<\/p>\n<p>&nbsp;<\/p>\n","protected":false},"excerpt":{"rendered":"<p>Em reuni\u00e3o nesta manh\u00e3 (27) com dirigentes de sindicatos que representam a Pol\u00edcia Civil do Distrito Federal, o governador Rodrigo Rollemberg (PSB) afirmou que considera justa a reivindica\u00e7\u00e3o dos policiais civis do Distrito Federal, mas n\u00e3o tem condi\u00e7\u00f5es de garantir agora a paridade\u00a0do reajuste da categoria ao negociado em \u00e2mbito nacional pela Pol\u00edcia Federal (PF). Rollemberg disse que n\u00e3o pode [&hellip;]<\/p>\n","protected":false},"author":9,"featured_media":4945,"comment_status":"open","ping_status":"closed","sticky":false,"template":"","format":"standard","meta":{"footnotes":""},"categories":[234],"tags":[],"class_list":["post-4944","post","type-post","status-publish","format-standard","has-post-thumbnail","hentry","category-cb-poder"],"_links":{"self":[{"href":"https:\/\/blogs.correiobraziliense.com.br\/cbpoder\/wp-json\/wp\/v2\/posts\/4944","targetHints":{"allow":["GET"]}}],"collection":[{"href":"https:\/\/blogs.correiobraziliense.com.br\/cbpoder\/wp-json\/wp\/v2\/posts"}],"about":[{"href":"https:\/\/blogs.correiobraziliense.com.br\/cbpoder\/wp-json\/wp\/v2\/types\/post"}],"author":[{"embeddable":true,"href":"https:\/\/blogs.correiobraziliense.com.br\/cbpoder\/wp-json\/wp\/v2\/users\/9"}],"replies":[{"embeddable":true,"href":"https:\/\/blogs.correiobraziliense.com.br\/cbpoder\/wp-json\/wp\/v2\/comments?post=4944"}],"version-history":[{"count":1,"href":"https:\/\/blogs.correiobraziliense.com.br\/cbpoder\/wp-json\/wp\/v2\/posts\/4944\/revisions"}],"predecessor-version":[{"id":4946,"href":"https:\/\/blogs.correiobraziliense.com.br\/cbpoder\/wp-json\/wp\/v2\/posts\/4944\/revisions\/4946"}],"wp:featuredmedia":[{"embeddable":true,"href":"https:\/\/blogs.correiobraziliense.com.br\/cbpoder\/wp-json\/wp\/v2\/media\/4945"}],"wp:attachment":[{"href":"https:\/\/blogs.correiobraziliense.com.br\/cbpoder\/wp-json\/wp\/v2\/media?parent=4944"}],"wp:term":[{"taxonomy":"category","embeddable":true,"href":"https:\/\/blogs.correiobraziliense.com.br\/cbpoder\/wp-json\/wp\/v2\/categories?post=4944"},{"taxonomy":"post_tag","embeddable":true,"href":"https:\/\/blogs.correiobraziliense.com.br\/cbpoder\/wp-json\/wp\/v2\/tags?post=4944"}],"curies":[{"name":"wp","href":"https:\/\/api.w.org\/{rel}","templated":true}]}}