{"id":4938,"date":"2016-07-27T13:11:55","date_gmt":"2016-07-27T16:11:55","guid":{"rendered":"https:\/\/blogs.correiobraziliense.com.br\/cbpoder\/?p=4938"},"modified":"2016-07-27T12:35:00","modified_gmt":"2016-07-27T15:35:00","slug":"nomeacao-de-diaulas-ribeiro-e-derrota-para-flavio-dino-aliado-de-dilma","status":"publish","type":"post","link":"https:\/\/blogs.correiobraziliense.com.br\/cbpoder\/nomeacao-de-diaulas-ribeiro-e-derrota-para-flavio-dino-aliado-de-dilma\/","title":{"rendered":"Nomea\u00e7\u00e3o de Diaulas Ribeiro \u00e9 derrota para Fl\u00e1vio Dino, aliado de Dilma"},"content":{"rendered":"<p>A nomea\u00e7\u00e3o do procurador Diaulas Ribeiro pelo presidente em exerc\u00edcio Michel Temer para o Tribunal de Justi\u00e7a do DF foi uma derrota e tanto do governador do Maranh\u00e3o, Fl\u00e1vio Dino (PCdoB), aliado da presidente Dilma Rousseff. Dino vive em guerra contra Diaulas por n\u00e3o aceitar a posi\u00e7\u00e3o dele em rela\u00e7\u00e3o \u00e0 atua\u00e7\u00e3o m\u00e9dica no caso da morte do filho, Marcelo Dino, h\u00e1 quatro anos, apesar de a justi\u00e7a ter ratificado o arquivamento da acusa\u00e7\u00e3o em todas as inst\u00e2ncias. Se Dilma estivesse no poder, provavelmente o desfecho seria outro.<\/p>\n<p>&nbsp;<br \/>\n<strong>Advers\u00e1rio interno<\/strong><br \/>\nOutro que n\u00e3o deve ter gostado da nomea\u00e7\u00e3o de Diaulas Ribeiro para o Tribunal de Justi\u00e7a do DF: o procurador Eduardo Albuquerque, que tamb\u00e9m concorreu ao cargo, mas ficou em \u00faltimo na lista da classe e n\u00e3o passou pelo crivo dos desembargadores. Albuquerque \u00e9 apontado no Minist\u00e9rio P\u00fablico do DF como aliado do governador do Maranh\u00e3o, Fl\u00e1vio Dino, nas persegui\u00e7\u00f5es a Diaulas.<\/p>\n","protected":false},"excerpt":{"rendered":"<p>A nomea\u00e7\u00e3o do procurador Diaulas Ribeiro pelo presidente em exerc\u00edcio Michel Temer para o Tribunal de Justi\u00e7a do DF foi uma derrota e tanto do governador do Maranh\u00e3o, Fl\u00e1vio Dino (PCdoB), aliado da presidente Dilma Rousseff. Dino vive em guerra contra Diaulas por n\u00e3o aceitar a posi\u00e7\u00e3o dele em rela\u00e7\u00e3o \u00e0 atua\u00e7\u00e3o m\u00e9dica no caso da morte do filho, Marcelo [&hellip;]<\/p>\n","protected":false},"author":9,"featured_media":4941,"comment_status":"open","ping_status":"closed","sticky":false,"template":"","format":"standard","meta":{"footnotes":""},"categories":[234],"tags":[],"class_list":["post-4938","post","type-post","status-publish","format-standard","has-post-thumbnail","hentry","category-cb-poder"],"_links":{"self":[{"href":"https:\/\/blogs.correiobraziliense.com.br\/cbpoder\/wp-json\/wp\/v2\/posts\/4938","targetHints":{"allow":["GET"]}}],"collection":[{"href":"https:\/\/blogs.correiobraziliense.com.br\/cbpoder\/wp-json\/wp\/v2\/posts"}],"about":[{"href":"https:\/\/blogs.correiobraziliense.com.br\/cbpoder\/wp-json\/wp\/v2\/types\/post"}],"author":[{"embeddable":true,"href":"https:\/\/blogs.correiobraziliense.com.br\/cbpoder\/wp-json\/wp\/v2\/users\/9"}],"replies":[{"embeddable":true,"href":"https:\/\/blogs.correiobraziliense.com.br\/cbpoder\/wp-json\/wp\/v2\/comments?post=4938"}],"version-history":[{"count":3,"href":"https:\/\/blogs.correiobraziliense.com.br\/cbpoder\/wp-json\/wp\/v2\/posts\/4938\/revisions"}],"predecessor-version":[{"id":4943,"href":"https:\/\/blogs.correiobraziliense.com.br\/cbpoder\/wp-json\/wp\/v2\/posts\/4938\/revisions\/4943"}],"wp:featuredmedia":[{"embeddable":true,"href":"https:\/\/blogs.correiobraziliense.com.br\/cbpoder\/wp-json\/wp\/v2\/media\/4941"}],"wp:attachment":[{"href":"https:\/\/blogs.correiobraziliense.com.br\/cbpoder\/wp-json\/wp\/v2\/media?parent=4938"}],"wp:term":[{"taxonomy":"category","embeddable":true,"href":"https:\/\/blogs.correiobraziliense.com.br\/cbpoder\/wp-json\/wp\/v2\/categories?post=4938"},{"taxonomy":"post_tag","embeddable":true,"href":"https:\/\/blogs.correiobraziliense.com.br\/cbpoder\/wp-json\/wp\/v2\/tags?post=4938"}],"curies":[{"name":"wp","href":"https:\/\/api.w.org\/{rel}","templated":true}]}}