{"id":4928,"date":"2016-07-26T18:54:07","date_gmt":"2016-07-26T21:54:07","guid":{"rendered":"https:\/\/blogs.correiobraziliense.com.br\/cbpoder\/?p=4928"},"modified":"2016-07-26T19:03:25","modified_gmt":"2016-07-26T22:03:25","slug":"policia-civil-homenageia-seus-mortos","status":"publish","type":"post","link":"https:\/\/blogs.correiobraziliense.com.br\/cbpoder\/policia-civil-homenageia-seus-mortos\/","title":{"rendered":"Pol\u00edcia Civil homenageia seus mortos"},"content":{"rendered":"<p>A Academia de Pol\u00edcia Civil do DF (APC) promoveu nesta tarde (26) solenidade em homenagem a tr\u00eas policiais civis mortos em servi\u00e7o.<\/p>\n<p>No evento, foram incorporadas na galeria da APC as fotografias do perito criminal Paulo Pereira de Carvalho, e dos agentes de pol\u00edcia Carlos Eug\u00eanio Reino da Silva, conhecido como Dentinho, e Aldamas Lima.A \u00a0mem\u00f3ria de cada um dos policiais foi homenageado por colegas da unidade onde trabalhavam quando morreram.<\/p>\n<p>Durante a solenidade, o diretor da APC, Gilberto Maranh\u00e3o, ressaltou que nenhum deles foi v\u00edtima de criminosos que perseguiam. &#8220;Gra\u00e7as a Deus, a vida de nenhum deles foi subtra\u00edda, arrancada por a\u00e7\u00e3o criminosa, t\u00e3o comum em nossos dias contra os policiais. Ao contr\u00e1rio, suas vidas foram generosamente doadas. Eles passaram por aqui, fazendo o bem, amando, servindo&#8221;, disse.<\/p>\n<p>Dentinho estava a servi\u00e7o representando a Pol\u00edcia Civil em uma competi\u00e7\u00e3o de ciclismo nos Estados Unidos.<\/p>\n<p>Lima sofreu um capotamento de carro na Fercal, quando perseguia\u00a0assaltantes.<\/p>\n<p>O perito Paulo Carvalho perdeu a vida quando testava uma arma.<\/p>\n","protected":false},"excerpt":{"rendered":"<p>A Academia de Pol\u00edcia Civil do DF (APC) promoveu nesta tarde (26) solenidade em homenagem a tr\u00eas policiais civis mortos em servi\u00e7o. No evento, foram incorporadas na galeria da APC as fotografias do perito criminal Paulo Pereira de Carvalho, e dos agentes de pol\u00edcia Carlos Eug\u00eanio Reino da Silva, conhecido como Dentinho, e Aldamas Lima.A \u00a0mem\u00f3ria de cada um dos [&hellip;]<\/p>\n","protected":false},"author":9,"featured_media":4929,"comment_status":"open","ping_status":"closed","sticky":false,"template":"","format":"standard","meta":{"footnotes":""},"categories":[234],"tags":[],"class_list":["post-4928","post","type-post","status-publish","format-standard","has-post-thumbnail","hentry","category-cb-poder"],"_links":{"self":[{"href":"https:\/\/blogs.correiobraziliense.com.br\/cbpoder\/wp-json\/wp\/v2\/posts\/4928","targetHints":{"allow":["GET"]}}],"collection":[{"href":"https:\/\/blogs.correiobraziliense.com.br\/cbpoder\/wp-json\/wp\/v2\/posts"}],"about":[{"href":"https:\/\/blogs.correiobraziliense.com.br\/cbpoder\/wp-json\/wp\/v2\/types\/post"}],"author":[{"embeddable":true,"href":"https:\/\/blogs.correiobraziliense.com.br\/cbpoder\/wp-json\/wp\/v2\/users\/9"}],"replies":[{"embeddable":true,"href":"https:\/\/blogs.correiobraziliense.com.br\/cbpoder\/wp-json\/wp\/v2\/comments?post=4928"}],"version-history":[{"count":2,"href":"https:\/\/blogs.correiobraziliense.com.br\/cbpoder\/wp-json\/wp\/v2\/posts\/4928\/revisions"}],"predecessor-version":[{"id":4931,"href":"https:\/\/blogs.correiobraziliense.com.br\/cbpoder\/wp-json\/wp\/v2\/posts\/4928\/revisions\/4931"}],"wp:featuredmedia":[{"embeddable":true,"href":"https:\/\/blogs.correiobraziliense.com.br\/cbpoder\/wp-json\/wp\/v2\/media\/4929"}],"wp:attachment":[{"href":"https:\/\/blogs.correiobraziliense.com.br\/cbpoder\/wp-json\/wp\/v2\/media?parent=4928"}],"wp:term":[{"taxonomy":"category","embeddable":true,"href":"https:\/\/blogs.correiobraziliense.com.br\/cbpoder\/wp-json\/wp\/v2\/categories?post=4928"},{"taxonomy":"post_tag","embeddable":true,"href":"https:\/\/blogs.correiobraziliense.com.br\/cbpoder\/wp-json\/wp\/v2\/tags?post=4928"}],"curies":[{"name":"wp","href":"https:\/\/api.w.org\/{rel}","templated":true}]}}