{"id":4924,"date":"2016-07-26T15:47:38","date_gmt":"2016-07-26T18:47:38","guid":{"rendered":"https:\/\/blogs.correiobraziliense.com.br\/cbpoder\/?p=4924"},"modified":"2016-07-26T15:49:59","modified_gmt":"2016-07-26T18:49:59","slug":"fabio-barcelos-ao-desprestigiar-policia-civil-rollemberg-enfraquece-diretor-geral","status":"publish","type":"post","link":"https:\/\/blogs.correiobraziliense.com.br\/cbpoder\/fabio-barcelos-ao-desprestigiar-policia-civil-rollemberg-enfraquece-diretor-geral\/","title":{"rendered":"F\u00e1bio Barcelos: &#8220;Ao desprestigiar a Pol\u00edcia Civil, Rollemberg enfraquece diretor-geral&#8221;"},"content":{"rendered":"<p>Ex-presidente da C\u00e2mara Legislativa, o ex-deputado F\u00e1bio Barcelos \u00e9 hoje vice-presidente do PDT-DF, partido da base do governador Rodrigo Rollemberg (PSB), que comanda a Secretaria de Trabalho, Desenvolvimento Social, Igualdade Racial e Direitos Humanos. Ele chegou a ser indicado pelo partido para substituir o atual titular da pasta, o deputado Joe Valle, de seu partido. Mas n\u00e3o aceitou.<\/p>\n<p>Em entrevista ao <strong>Correio<\/strong>, Barcelos, policial civil aposentado, defende o pleiteado reajuste de sua categoria. Apesar de ser aliado do governo, n\u00e3o poupa cr\u00edticas \u00e0 rela\u00e7\u00e3o de Rollemberg com a categoria. Para ele, negar um direito hist\u00f3rico da classe, de equipara\u00e7\u00e3o dos reajustes concedidos \u00e0 Pol\u00edcia Federal, \u00e9 uma forma de enfraquecer o atual diretor-geral, Eric Seba.<\/p>\n<p><strong>Voc\u00ea foi convidado para assumir a Secretaria de Trabalho, Desenvolvimento Social, Igualdade Racial e Direitos Humanos no lugar do deputado Joe Valle, que \u00e9 do seu partido?<\/strong><br \/>\nDentro do meu partido, o meu nome foi indicado, tanto pela dire\u00e7\u00e3o, como pelo deputado Joe Valle. Acho que ser\u00e1 dif\u00edcil dar continuidade ao s\u00e9rio trabalho que ele vem desenvolvendo, mas acho que o PDT tem outros nomes com capacidade.<\/p>\n<p><strong>Que nomes?<\/strong><br \/>\nO partido saber\u00e1 escolher.<\/p>\n<p><strong>Acha que o governador Rodrigo Rollemberg vai manter a pasta na cota do PDT?<\/strong><br \/>\nFicaria muito ruim se n\u00e3o fizesse. Seria a mesma coisa que desacatar o PDT, um partido aliado do governo.<\/p>\n<p><strong>Voc\u00ea foi do Sinpol e se elegeu deputado distrital pela Pol\u00edcia Civil. Acha que poderia colaborar na seguran\u00e7a p\u00fablica?<\/strong><br \/>\nA Pol\u00edcia Civil tem seus representantes classistas e nas C\u00e2maras Legislativa e Federal que, acredito, est\u00e3o tentando resolver a quest\u00e3o do reajuste da categoria. Acredito que o governador Rodrigo Rollemberg vai rever a posi\u00e7\u00e3o de n\u00e3o mandar a mensagem com o reajuste equiparado ao da Pol\u00edcia Federal, externada pela secret\u00e1ria de Seguran\u00e7a, M\u00e1rcia de Alencar. Historicamente, isso sempre aconteceu. N\u00e3o \u00e9 poss\u00edvel que esse governo, que ajudamos a eleger, n\u00e3o reconhe\u00e7a isso. O problema \u00e9 que a secret\u00e1ria \u00e9 de Pernambuco e n\u00e3o conhece a realidade do DF.<\/p>\n<p><strong>Acha que a secret\u00e1ria de Seguran\u00e7a est\u00e1 desprestigiando a Pol\u00edcia Civil?<\/strong><br \/>\nA demonstra\u00e7\u00e3o de desprest\u00edgio \u00e0 Pol\u00edcia Civil parte do pr\u00f3prio governador. Com essa atitude, ele est\u00e1 enfraquecendo, eu diria, a posi\u00e7\u00e3o de Eric Seba na categoria, um dos melhores chefes de Pol\u00edcia Civil que j\u00e1 tivemos. O Seba \u00e9 uma pessoa de extrema compet\u00eancia, que tem uma preocupa\u00e7\u00e3o com a qualidade do trabalho da Pol\u00edcia Civil.<\/p>\n<p><strong>Por que voc\u00ea acha que essa atitude enfraquece o diretor-geral?<\/strong><br \/>\nPorque \u00e9 um direito reconhecido. Ocorreu em todas as gest\u00f5es, de todos os diretores-gerais. Por que n\u00e3o ocorreria agora? A Pol\u00edcia Civil e a Pol\u00edcia Federal s\u00e3o oriundas do mesmo \u00f3rg\u00e3o, o DFSP (Departamento Federal de Seguran\u00e7a P\u00fablica).<\/p>\n<p><strong>Mas o governo alega que n\u00e3o tem dinheiro, n\u00e3o tem condi\u00e7\u00f5es de conceder o reajuste agora&#8230;<\/strong><br \/>\nComo n\u00e3o tem dinheiro? A seguran\u00e7a p\u00fablica \u00e9 mantida pelo Fundo Constitucional. O reajuste n\u00e3o \u00e9 para agora. Por que n\u00e3o enviar a mensagem e reconhecer um direito hist\u00f3rico?<\/p>\n<p><strong>Essa \u00e9 uma posi\u00e7\u00e3o sua ou do PDT?<\/strong><br \/>\nMinha. Mas vou levar meu descontentamento ao partido. Eu pergunto: por que as esquerdas nunca souberam lidar com a seguran\u00e7a p\u00fablica no DF?<\/p>\n","protected":false},"excerpt":{"rendered":"<p>Ex-presidente da C\u00e2mara Legislativa, o ex-deputado F\u00e1bio Barcelos \u00e9 hoje vice-presidente do PDT-DF, partido da base do governador Rodrigo Rollemberg (PSB), que comanda a Secretaria de Trabalho, Desenvolvimento Social, Igualdade Racial e Direitos Humanos. Ele chegou a ser indicado pelo partido para substituir o atual titular da pasta, o deputado Joe Valle, de seu partido. Mas n\u00e3o aceitou. Em entrevista [&hellip;]<\/p>\n","protected":false},"author":9,"featured_media":4926,"comment_status":"open","ping_status":"closed","sticky":false,"template":"","format":"standard","meta":{"footnotes":""},"categories":[234],"tags":[],"class_list":["post-4924","post","type-post","status-publish","format-standard","has-post-thumbnail","hentry","category-cb-poder"],"_links":{"self":[{"href":"https:\/\/blogs.correiobraziliense.com.br\/cbpoder\/wp-json\/wp\/v2\/posts\/4924","targetHints":{"allow":["GET"]}}],"collection":[{"href":"https:\/\/blogs.correiobraziliense.com.br\/cbpoder\/wp-json\/wp\/v2\/posts"}],"about":[{"href":"https:\/\/blogs.correiobraziliense.com.br\/cbpoder\/wp-json\/wp\/v2\/types\/post"}],"author":[{"embeddable":true,"href":"https:\/\/blogs.correiobraziliense.com.br\/cbpoder\/wp-json\/wp\/v2\/users\/9"}],"replies":[{"embeddable":true,"href":"https:\/\/blogs.correiobraziliense.com.br\/cbpoder\/wp-json\/wp\/v2\/comments?post=4924"}],"version-history":[{"count":1,"href":"https:\/\/blogs.correiobraziliense.com.br\/cbpoder\/wp-json\/wp\/v2\/posts\/4924\/revisions"}],"predecessor-version":[{"id":4925,"href":"https:\/\/blogs.correiobraziliense.com.br\/cbpoder\/wp-json\/wp\/v2\/posts\/4924\/revisions\/4925"}],"wp:featuredmedia":[{"embeddable":true,"href":"https:\/\/blogs.correiobraziliense.com.br\/cbpoder\/wp-json\/wp\/v2\/media\/4926"}],"wp:attachment":[{"href":"https:\/\/blogs.correiobraziliense.com.br\/cbpoder\/wp-json\/wp\/v2\/media?parent=4924"}],"wp:term":[{"taxonomy":"category","embeddable":true,"href":"https:\/\/blogs.correiobraziliense.com.br\/cbpoder\/wp-json\/wp\/v2\/categories?post=4924"},{"taxonomy":"post_tag","embeddable":true,"href":"https:\/\/blogs.correiobraziliense.com.br\/cbpoder\/wp-json\/wp\/v2\/tags?post=4924"}],"curies":[{"name":"wp","href":"https:\/\/api.w.org\/{rel}","templated":true}]}}