{"id":4910,"date":"2016-07-26T08:33:51","date_gmt":"2016-07-26T11:33:51","guid":{"rendered":"https:\/\/blogs.correiobraziliense.com.br\/cbpoder\/?p=4910"},"modified":"2016-07-26T08:33:51","modified_gmt":"2016-07-26T11:33:51","slug":"diaulas-ribeiro-e-o-novo-desembargador-do-tjdft","status":"publish","type":"post","link":"https:\/\/blogs.correiobraziliense.com.br\/cbpoder\/diaulas-ribeiro-e-o-novo-desembargador-do-tjdft\/","title":{"rendered":"Diaulas Ribeiro \u00e9 o novo desembargador do TJDFT"},"content":{"rendered":"<p>Diaulas Costa Ribeiro \u00e9 o novo desembargador do Tribunal de Justi\u00e7a do Distrito Federal e Territ\u00f3rios.<\/p>\n<p>O procurador de justi\u00e7a foi nomeado pelo presidente em exerc\u00edcio Michel Temer, em ato publicado no edi\u00e7\u00e3o de hoje (26) do Di\u00e1rio Oficial da Uni\u00e3o.<\/p>\n<p>Diaulas integrou lista tr\u00edplice com os procuradores Jos\u00e9 Firmo e Vitor Fernandes Gon\u00e7alves, na vaga do Minist\u00e9rio P\u00fablico no Distrito Federal no chamado quinto constitucional.<\/p>\n","protected":false},"excerpt":{"rendered":"<p>Diaulas Costa Ribeiro \u00e9 o novo desembargador do Tribunal de Justi\u00e7a do Distrito Federal e Territ\u00f3rios. O procurador de justi\u00e7a foi nomeado pelo presidente em exerc\u00edcio Michel Temer, em ato publicado no edi\u00e7\u00e3o de hoje (26) do Di\u00e1rio Oficial da Uni\u00e3o. Diaulas integrou lista tr\u00edplice com os procuradores Jos\u00e9 Firmo e Vitor Fernandes Gon\u00e7alves, na vaga do Minist\u00e9rio P\u00fablico no [&hellip;]<\/p>\n","protected":false},"author":9,"featured_media":4911,"comment_status":"open","ping_status":"closed","sticky":false,"template":"","format":"standard","meta":{"footnotes":""},"categories":[234],"tags":[],"class_list":["post-4910","post","type-post","status-publish","format-standard","has-post-thumbnail","hentry","category-cb-poder"],"_links":{"self":[{"href":"https:\/\/blogs.correiobraziliense.com.br\/cbpoder\/wp-json\/wp\/v2\/posts\/4910","targetHints":{"allow":["GET"]}}],"collection":[{"href":"https:\/\/blogs.correiobraziliense.com.br\/cbpoder\/wp-json\/wp\/v2\/posts"}],"about":[{"href":"https:\/\/blogs.correiobraziliense.com.br\/cbpoder\/wp-json\/wp\/v2\/types\/post"}],"author":[{"embeddable":true,"href":"https:\/\/blogs.correiobraziliense.com.br\/cbpoder\/wp-json\/wp\/v2\/users\/9"}],"replies":[{"embeddable":true,"href":"https:\/\/blogs.correiobraziliense.com.br\/cbpoder\/wp-json\/wp\/v2\/comments?post=4910"}],"version-history":[{"count":1,"href":"https:\/\/blogs.correiobraziliense.com.br\/cbpoder\/wp-json\/wp\/v2\/posts\/4910\/revisions"}],"predecessor-version":[{"id":4912,"href":"https:\/\/blogs.correiobraziliense.com.br\/cbpoder\/wp-json\/wp\/v2\/posts\/4910\/revisions\/4912"}],"wp:featuredmedia":[{"embeddable":true,"href":"https:\/\/blogs.correiobraziliense.com.br\/cbpoder\/wp-json\/wp\/v2\/media\/4911"}],"wp:attachment":[{"href":"https:\/\/blogs.correiobraziliense.com.br\/cbpoder\/wp-json\/wp\/v2\/media?parent=4910"}],"wp:term":[{"taxonomy":"category","embeddable":true,"href":"https:\/\/blogs.correiobraziliense.com.br\/cbpoder\/wp-json\/wp\/v2\/categories?post=4910"},{"taxonomy":"post_tag","embeddable":true,"href":"https:\/\/blogs.correiobraziliense.com.br\/cbpoder\/wp-json\/wp\/v2\/tags?post=4910"}],"curies":[{"name":"wp","href":"https:\/\/api.w.org\/{rel}","templated":true}]}}