{"id":4904,"date":"2016-07-25T17:29:56","date_gmt":"2016-07-25T20:29:56","guid":{"rendered":"https:\/\/blogs.correiobraziliense.com.br\/cbpoder\/?p=4904"},"modified":"2016-07-25T17:32:00","modified_gmt":"2016-07-25T20:32:00","slug":"marli-quis-arrumar-uma-forma-de-atingir-o-governo-diz-o-distrital-cristiano-araujo-citado-em-gravacoes","status":"publish","type":"post","link":"https:\/\/blogs.correiobraziliense.com.br\/cbpoder\/marli-quis-arrumar-uma-forma-de-atingir-o-governo-diz-o-distrital-cristiano-araujo-citado-em-gravacoes\/","title":{"rendered":"&#8220;Marli quis arrumar uma forma de atingir o governo&#8221;, diz o distrital Cristiano Ara\u00fajo, citado em grava\u00e7\u00f5es"},"content":{"rendered":"<p><strong>\u00c9 verdade que voc\u00ea esteve em S\u00e3o Paulo, numa casa de prostitui\u00e7\u00e3o, para comemorar alguma libera\u00e7\u00e3o de recursos com o ent\u00e3o diretor do Fundo de Sa\u00fade Ricardo Cardoso?<\/strong><br \/>\nIsso \u00e9 um absurdo. Nunca fui com ele em casa noturna nenhuma. Minha rela\u00e7\u00e3o com ele se deu por conta do cargo. Ele cuidava do or\u00e7amento da sa\u00fade e esteve na C\u00e2mara Legislativa, algumas vezes, em v\u00e1rios gabinetes, inclusive no meu.<\/p>\n<p>&nbsp;<\/p>\n<p><strong>O que o diretor do Fundo de Sa\u00fade tratava nesses contatos com deputados?<\/strong><br \/>\nEle foi prestar contas dos recursos, ajudava a definir as \u00e1reas para onde os deputados deveriam destinar as emendas da sa\u00fade, para \u00e1reas que mais precisavam de recursos. Ele foi tamb\u00e9m participou de algumas audi\u00eancias p\u00fablicas.<\/p>\n<p>&nbsp;<br \/>\n<strong>Mas voc\u00ea esteve com ele em S\u00e3o Paulo?<\/strong><br \/>\nEncontrei com ele, almo\u00e7amos juntos e cada um seguiu seu caminho.<\/p>\n<p>&nbsp;<br \/>\n<strong>Essa hist\u00f3ria surgiu de uma conversa do ex-subsecret\u00e1rio de Sa\u00fade Marcos J\u00fanior, gravada pela presidente do SindSa\u00fade Marli Rodrigues. Por que voc\u00ea acha que seu nome foi citado por ele?<\/strong><br \/>\nNa minha avalia\u00e7\u00e3o, o F\u00e1bio (Gondim), quando foi exonerado da Secretaria de Sa\u00fade, achou que eu e o deputado Rob\u00e9rio (Negreiros) ter\u00edamos exercido alguma influ\u00eancia contra ele. O F\u00e1bio tentou se aproximar de alguns deputados, mas n\u00e3o tinha proximidade com ele.<\/p>\n<p>&nbsp;<br \/>\n<strong>O fato de a hist\u00f3ria do cabar\u00e9, contada por uma testemunha apresentada pela presidente do SindSaude, ser mentira, como voc\u00ea aponta, n\u00e3o acaba desacreditando as demais den\u00fancias?<\/strong><br \/>\nN\u00e3o tem nada a ver. Posso dizer que nunca estive em casa de cabar\u00e9. Ele vai ter que provar isso. Mas n\u00e3o podemos ignorar os outros fatos. Apenas uma investiga\u00e7\u00e3o vai dizer se procedem ou n\u00e3o.<\/p>\n<p>&nbsp;<\/p>\n<p><strong>Qual vai ser o foco da CPI da Sa\u00fade?<\/strong><\/p>\n<p>Temos que verificar as quest\u00f5es de terceiriza\u00e7\u00e3o, de contratos emergenciais e pagamentos irregulares.<\/p>\n<p>&nbsp;<\/p>\n<p><strong>Acha que o depoimento da Marli Rodrigues passou credibilidade?<\/strong><br \/>\nEla trouxe fatos importantes para a CPI, mas poderia ter apresentado mais provas. N\u00e3o deixa de ser, no entanto, um indicativo sobre para onde deveremos seguir.<\/p>\n<p>&nbsp;<\/p>\n<p><strong>E o depoimento do vice-governador Renato Santana? Acha que ele deveria ter denunciado \u00e0s autoridade competentes o relato que fez na conversa gravada pela presidente do SindSa\u00fade?<\/strong><br \/>\nTenho total confian\u00e7a no vice-governador e sei que ele ouve a todos. \u00c9 preciso ressaltar que chegam muitas den\u00fancias em nossos gabinetes. J\u00e1 fui abordado por empres\u00e1rios que contam hist\u00f3rias, mas n\u00e3o querem aparecer, n\u00e3o t\u00eam coragem de formalizar. Ent\u00e3o, fica faltando consist\u00eancia.<\/p>\n<p>&nbsp;<\/p>\n<p><strong>Por que acha que a presidente do SindSa\u00fade fez essas grava\u00e7\u00f5es?<\/strong><br \/>\nMinha avalia\u00e7\u00e3o do contexto \u00e9 que a Marli est\u00e1 magoada com o governo porque n\u00e3o conseguiu benef\u00edcios para a sua categoria. Ela tamb\u00e9m \u00e9 contra a ado\u00e7\u00e3o de Organiza\u00e7\u00f5es Sociais na gest\u00e3o e condena o caos na sa\u00fade. Ela quis arrumar uma forma de atingir o governo.<\/p>\n<p>&nbsp;<\/p>\n<p><strong>A CPI vai seguir esse rumo pol\u00edtico?<\/strong><br \/>\nN\u00e3o. Apenas n\u00e3o podemos ignorar esses fatos apontados nas grava\u00e7\u00f5es.<\/p>\n<p>&nbsp;<\/p>\n<p><strong>Voc\u00ea ter\u00e1 isen\u00e7\u00e3o para interrogar em depoimento algu\u00e9m que o citou?<\/strong><br \/>\nEstou muito \u00e0 vontade sobre esse assunto da minha vida pessoal. Mas ele cometeu um atentado contra a minha honra. Vou fazer ele provar. Quero passar isso a limpo. Tenho a minha honra de pai de fam\u00edlia.<\/p>\n<p>&nbsp;<\/p>\n<p><strong>Sua fam\u00edlia \u00e9 dona de uma empresa que presta servi\u00e7os para a Secretaria de Sa\u00fade. Isso influencia a sua posi\u00e7\u00e3o na CPI?<\/strong><br \/>\nN\u00e3o influencia. A matriz familiar \u00e9 outra. A empresa do meu tio existe h\u00e1 40 anos, est\u00e1 no mercado e n\u00e3o depende do Cristiano Ara\u00fajo.<\/p>\n","protected":false},"excerpt":{"rendered":"<p>\u00c9 verdade que voc\u00ea esteve em S\u00e3o Paulo, numa casa de prostitui\u00e7\u00e3o, para comemorar alguma libera\u00e7\u00e3o de recursos com o ent\u00e3o diretor do Fundo de Sa\u00fade Ricardo Cardoso? Isso \u00e9 um absurdo. Nunca fui com ele em casa noturna nenhuma. Minha rela\u00e7\u00e3o com ele se deu por conta do cargo. Ele cuidava do or\u00e7amento da sa\u00fade e esteve na C\u00e2mara [&hellip;]<\/p>\n","protected":false},"author":9,"featured_media":4715,"comment_status":"open","ping_status":"closed","sticky":false,"template":"","format":"standard","meta":{"footnotes":""},"categories":[234],"tags":[],"class_list":["post-4904","post","type-post","status-publish","format-standard","has-post-thumbnail","hentry","category-cb-poder"],"_links":{"self":[{"href":"https:\/\/blogs.correiobraziliense.com.br\/cbpoder\/wp-json\/wp\/v2\/posts\/4904","targetHints":{"allow":["GET"]}}],"collection":[{"href":"https:\/\/blogs.correiobraziliense.com.br\/cbpoder\/wp-json\/wp\/v2\/posts"}],"about":[{"href":"https:\/\/blogs.correiobraziliense.com.br\/cbpoder\/wp-json\/wp\/v2\/types\/post"}],"author":[{"embeddable":true,"href":"https:\/\/blogs.correiobraziliense.com.br\/cbpoder\/wp-json\/wp\/v2\/users\/9"}],"replies":[{"embeddable":true,"href":"https:\/\/blogs.correiobraziliense.com.br\/cbpoder\/wp-json\/wp\/v2\/comments?post=4904"}],"version-history":[{"count":3,"href":"https:\/\/blogs.correiobraziliense.com.br\/cbpoder\/wp-json\/wp\/v2\/posts\/4904\/revisions"}],"predecessor-version":[{"id":4907,"href":"https:\/\/blogs.correiobraziliense.com.br\/cbpoder\/wp-json\/wp\/v2\/posts\/4904\/revisions\/4907"}],"wp:featuredmedia":[{"embeddable":true,"href":"https:\/\/blogs.correiobraziliense.com.br\/cbpoder\/wp-json\/wp\/v2\/media\/4715"}],"wp:attachment":[{"href":"https:\/\/blogs.correiobraziliense.com.br\/cbpoder\/wp-json\/wp\/v2\/media?parent=4904"}],"wp:term":[{"taxonomy":"category","embeddable":true,"href":"https:\/\/blogs.correiobraziliense.com.br\/cbpoder\/wp-json\/wp\/v2\/categories?post=4904"},{"taxonomy":"post_tag","embeddable":true,"href":"https:\/\/blogs.correiobraziliense.com.br\/cbpoder\/wp-json\/wp\/v2\/tags?post=4904"}],"curies":[{"name":"wp","href":"https:\/\/api.w.org\/{rel}","templated":true}]}}