{"id":4891,"date":"2016-07-25T11:56:49","date_gmt":"2016-07-25T14:56:49","guid":{"rendered":"https:\/\/blogs.correiobraziliense.com.br\/cbpoder\/?p=4891"},"modified":"2016-07-25T12:05:50","modified_gmt":"2016-07-25T15:05:50","slug":"vice-presidente-do-sindepo-que-criou-forca-tarefa-na-saude-e-exonerado-de-cargo-na-secretaria-de-seguranca","status":"publish","type":"post","link":"https:\/\/blogs.correiobraziliense.com.br\/cbpoder\/vice-presidente-do-sindepo-que-criou-forca-tarefa-na-saude-e-exonerado-de-cargo-na-secretaria-de-seguranca\/","title":{"rendered":"Delegado que criou for\u00e7a-tarefa na sa\u00fade \u00e9 exonerado de cargo na Secretaria de Seguran\u00e7a"},"content":{"rendered":"<p>Depois de participar da cria\u00e7\u00e3o de uma for\u00e7a-tarefa de delegados para auxiliar a CPI da Sa\u00fade, o vice-presidente do Sindicato dos Delegados de Pol\u00edcia Civil do DF (Sindepo), Rafael Sampaio, foi exonerado hoje (25) do cargo de assessor da Assessoria Jur\u00eddico-Legislativa da Secretaria de Seguran\u00e7a P\u00fablica e Paz Social.\u00a0A exonera\u00e7\u00e3o, assinada pelo governador Rodrigo Rollemberg, est\u00e1 publicada na edi\u00e7\u00e3o de hoje do Di\u00e1rio Oficial do DF.<\/p>\n<p>&nbsp;<\/p>\n<p>Saiu tamb\u00e9m a exonera\u00e7\u00e3o do ouvidor da vice-governadoria, Valdecir Marques de Medeiros, em cuja casa foi gravada a conversa entre o vice, Renato Santana, e a presidente do SindSa\u00fade, Marli Rodrigues.\u00a0O delegado Rafael Sampaio esteve na C\u00e2mara Legislativa na semana passada para entregar ao presidente da CPI da Sa\u00fade, Wellington Luiz (PMDB), documento em que o Sindepo e a Adepol manifestam inten\u00e7\u00e3o de ajudar nos trabalhos de investiga\u00e7\u00e3o sobre casos de corrup\u00e7\u00e3o na sa\u00fade p\u00fablica.<\/p>\n<p>&nbsp;<\/p>\n<p>Em entrevista ao <strong>Correio<\/strong>, Sampaio explicou que 15 delegados ajudariam voluntariamente a CPI, nas folgas. A medida foi aprovada em assembleia da categoria.\u00a0O governador Rodrigo Rollemberg n\u00e3o gostou, principalmente pela clara vincula\u00e7\u00e3o da iniciativa com o processo de negocia\u00e7\u00e3o do reajuste da categoria.<\/p>\n","protected":false},"excerpt":{"rendered":"<p>Depois de participar da cria\u00e7\u00e3o de uma for\u00e7a-tarefa de delegados para auxiliar a CPI da Sa\u00fade, o vice-presidente do Sindicato dos Delegados de Pol\u00edcia Civil do DF (Sindepo), Rafael Sampaio, foi exonerado hoje (25) do cargo de assessor da Assessoria Jur\u00eddico-Legislativa da Secretaria de Seguran\u00e7a P\u00fablica e Paz Social.\u00a0A exonera\u00e7\u00e3o, assinada pelo governador Rodrigo Rollemberg, est\u00e1 publicada na edi\u00e7\u00e3o de [&hellip;]<\/p>\n","protected":false},"author":9,"featured_media":4894,"comment_status":"open","ping_status":"closed","sticky":false,"template":"","format":"standard","meta":{"footnotes":""},"categories":[234],"tags":[],"class_list":["post-4891","post","type-post","status-publish","format-standard","has-post-thumbnail","hentry","category-cb-poder"],"_links":{"self":[{"href":"https:\/\/blogs.correiobraziliense.com.br\/cbpoder\/wp-json\/wp\/v2\/posts\/4891","targetHints":{"allow":["GET"]}}],"collection":[{"href":"https:\/\/blogs.correiobraziliense.com.br\/cbpoder\/wp-json\/wp\/v2\/posts"}],"about":[{"href":"https:\/\/blogs.correiobraziliense.com.br\/cbpoder\/wp-json\/wp\/v2\/types\/post"}],"author":[{"embeddable":true,"href":"https:\/\/blogs.correiobraziliense.com.br\/cbpoder\/wp-json\/wp\/v2\/users\/9"}],"replies":[{"embeddable":true,"href":"https:\/\/blogs.correiobraziliense.com.br\/cbpoder\/wp-json\/wp\/v2\/comments?post=4891"}],"version-history":[{"count":4,"href":"https:\/\/blogs.correiobraziliense.com.br\/cbpoder\/wp-json\/wp\/v2\/posts\/4891\/revisions"}],"predecessor-version":[{"id":4896,"href":"https:\/\/blogs.correiobraziliense.com.br\/cbpoder\/wp-json\/wp\/v2\/posts\/4891\/revisions\/4896"}],"wp:featuredmedia":[{"embeddable":true,"href":"https:\/\/blogs.correiobraziliense.com.br\/cbpoder\/wp-json\/wp\/v2\/media\/4894"}],"wp:attachment":[{"href":"https:\/\/blogs.correiobraziliense.com.br\/cbpoder\/wp-json\/wp\/v2\/media?parent=4891"}],"wp:term":[{"taxonomy":"category","embeddable":true,"href":"https:\/\/blogs.correiobraziliense.com.br\/cbpoder\/wp-json\/wp\/v2\/categories?post=4891"},{"taxonomy":"post_tag","embeddable":true,"href":"https:\/\/blogs.correiobraziliense.com.br\/cbpoder\/wp-json\/wp\/v2\/tags?post=4891"}],"curies":[{"name":"wp","href":"https:\/\/api.w.org\/{rel}","templated":true}]}}