{"id":4872,"date":"2016-07-22T14:26:09","date_gmt":"2016-07-22T17:26:09","guid":{"rendered":"https:\/\/blogs.correiobraziliense.com.br\/cbpoder\/?p=4872"},"modified":"2016-07-22T14:34:43","modified_gmt":"2016-07-22T17:34:43","slug":"delegado-reconhece-que-categoria-vai-participar-voluntariamente-da-cpi-para-pressionar-gdf-por-reajustes","status":"publish","type":"post","link":"https:\/\/blogs.correiobraziliense.com.br\/cbpoder\/delegado-reconhece-que-categoria-vai-participar-voluntariamente-da-cpi-para-pressionar-gdf-por-reajustes\/","title":{"rendered":"Delegado reconhece que categoria ofereceu ajuda volunt\u00e1ria \u00e0 CPI para pressionar GDF por reajustes"},"content":{"rendered":"<p><strong>Entrevista com\u00a0Rafael Sampaio,\u00a0 vice-presidente do Sindicato dos Delegados da Pol\u00edcia Civil do DF (Sindepo)<\/strong><\/p>\n<p>******************<\/p>\n<p>&nbsp;<\/p>\n<p><strong>Como foi a decis\u00e3o das duas associa\u00e7\u00f5es de delegados de formar uma for\u00e7a-tarefa para ajudar a CPI da Sa\u00fade?<\/strong><br \/>\nTemos um colega que j\u00e1 est\u00e1 participando da CPI voluntariamente e ele sugeriu que o Sindicato e a Associa\u00e7\u00e3o dos Delegados oficiassem a CPI como forma de pressionar o governador para que atendesse os nossos pleitos. Hoje, a gente est\u00e1 com dificuldade de interlocu\u00e7\u00e3o muito grande com o governo e isso incomoda a categoria. Levamos o tema para a assembleia e foi aprovado por unanimidade. Todo mundo gostou da ideia, entendeu que era vi\u00e1vel e \u00e9 uma a\u00e7\u00e3o de cidadania e vem de encontro aos interesses da sociedade.<\/p>\n<p>&nbsp;<br \/>\n<strong>Ou seja, os delegados da Pol\u00edcia Civil v\u00e3o usar a sua for\u00e7a para pressionar o governador?<\/strong><br \/>\nSim, a nossa expertise. O intuito \u00e9 pressionar o governo no sentido de mostrar que h\u00e1 dinheiro. Dinheiro sempre h\u00e1, como diria o saudoso Maur\u00edcio Correa. A quest\u00e3o \u00e9 saber se somos prioridade. N\u00f3s estamos vendo que no governo atual n\u00f3s n\u00e3o somos tratamos como prioridade. Estamos tendo frustra\u00e7\u00f5es or\u00e7ament\u00e1rias correntes. Estamos muito sacrificados e, do outro lado, n\u00e3o vemos resposta a esse sacrif\u00edcio.<\/p>\n<p><strong>Como vai esse trabalho? Ser\u00e1 na hora do expediente, na folga?<\/strong><br \/>\nA ideia \u00e9 usar o hor\u00e1rio de folga. N\u00f3s estamos nos oferecendo voluntariamente para a CPI. O nosso trabalho vai depender da demanda dos deputados.<br \/>\n<strong>Quantos delegados v\u00e3o colaborar?<\/strong><br \/>\nInicialmente 15, mas esse n\u00famero pode aumentar de acordo com a demanda. N\u00e3o sabemos ainda em que tipo de investiga\u00e7\u00e3o vamos atuar porque vai depender dos integrantes da CPI. Hoje soubemos que o Sinpol resolveu tamb\u00e9m participar.<\/p>\n<p><strong>Em que \u00e1reas os delegados podem atuar?<\/strong><br \/>\nA CPI naturalmente \u00e9 uma investiga\u00e7\u00e3o em cima de documentos. Temos que confrontar os dados que podem demonstrar superfaturamento de contratos e que houve um direcionamento de licita\u00e7\u00e3o ou fraude. Mas l\u00f3gico que \u00e9 dif\u00edcil saber e restringir que tipo de atua\u00e7\u00e3o a gente vai se limitar.<\/p>\n<p><strong>Voc\u00eas v\u00e3o usar o sistema de informa\u00e7\u00f5es da Pol\u00edcia Civil, com an\u00e1lises de v\u00ednculo, por exemplo, para embasar esse trabalho?<\/strong><br \/>\nTemos acesso a esse sistema e n\u00e3o seria uma utiliza\u00e7\u00e3o para fins il\u00edcitos. Nada mais natural que um \u00f3rg\u00e3o do Estado colabore com uma investiga\u00e7\u00e3o de outro \u00f3rg\u00e3o. Se houver algum \u00f3bice institucional, o presidente da CPI poder\u00e1 requisitar.<\/p>\n<p><strong>O governador Rodrigo Rollemberg ser\u00e1 investigado?<\/strong><br \/>\nA gente n\u00e3o sabe. Depende do rumo que tome investiga\u00e7\u00e3o. Em uma\u00a0investiga\u00e7\u00e3o, a gente faz\u00a0aprofundamento daquilo que as evid\u00eancias apontam para alguma ilegalidade.<br \/>\n<strong>A Decap j\u00e1 investiga o caso. N\u00e3o seria uma apura\u00e7\u00e3o paralela?<\/strong><br \/>\nEu n\u00e3o tenho essa informa\u00e7\u00e3o. Mas h\u00e1 possibilidade, sim, de investiga\u00e7\u00f5es paralelas.<\/p>\n","protected":false},"excerpt":{"rendered":"<p>Entrevista com\u00a0Rafael Sampaio,\u00a0 vice-presidente do Sindicato dos Delegados da Pol\u00edcia Civil do DF (Sindepo) ****************** &nbsp; Como foi a decis\u00e3o das duas associa\u00e7\u00f5es de delegados de formar uma for\u00e7a-tarefa para ajudar a CPI da Sa\u00fade? Temos um colega que j\u00e1 est\u00e1 participando da CPI voluntariamente e ele sugeriu que o Sindicato e a Associa\u00e7\u00e3o dos Delegados oficiassem a CPI como [&hellip;]<\/p>\n","protected":false},"author":9,"featured_media":4876,"comment_status":"open","ping_status":"closed","sticky":false,"template":"","format":"standard","meta":{"footnotes":""},"categories":[234],"tags":[],"class_list":["post-4872","post","type-post","status-publish","format-standard","has-post-thumbnail","hentry","category-cb-poder"],"_links":{"self":[{"href":"https:\/\/blogs.correiobraziliense.com.br\/cbpoder\/wp-json\/wp\/v2\/posts\/4872","targetHints":{"allow":["GET"]}}],"collection":[{"href":"https:\/\/blogs.correiobraziliense.com.br\/cbpoder\/wp-json\/wp\/v2\/posts"}],"about":[{"href":"https:\/\/blogs.correiobraziliense.com.br\/cbpoder\/wp-json\/wp\/v2\/types\/post"}],"author":[{"embeddable":true,"href":"https:\/\/blogs.correiobraziliense.com.br\/cbpoder\/wp-json\/wp\/v2\/users\/9"}],"replies":[{"embeddable":true,"href":"https:\/\/blogs.correiobraziliense.com.br\/cbpoder\/wp-json\/wp\/v2\/comments?post=4872"}],"version-history":[{"count":6,"href":"https:\/\/blogs.correiobraziliense.com.br\/cbpoder\/wp-json\/wp\/v2\/posts\/4872\/revisions"}],"predecessor-version":[{"id":4880,"href":"https:\/\/blogs.correiobraziliense.com.br\/cbpoder\/wp-json\/wp\/v2\/posts\/4872\/revisions\/4880"}],"wp:featuredmedia":[{"embeddable":true,"href":"https:\/\/blogs.correiobraziliense.com.br\/cbpoder\/wp-json\/wp\/v2\/media\/4876"}],"wp:attachment":[{"href":"https:\/\/blogs.correiobraziliense.com.br\/cbpoder\/wp-json\/wp\/v2\/media?parent=4872"}],"wp:term":[{"taxonomy":"category","embeddable":true,"href":"https:\/\/blogs.correiobraziliense.com.br\/cbpoder\/wp-json\/wp\/v2\/categories?post=4872"},{"taxonomy":"post_tag","embeddable":true,"href":"https:\/\/blogs.correiobraziliense.com.br\/cbpoder\/wp-json\/wp\/v2\/tags?post=4872"}],"curies":[{"name":"wp","href":"https:\/\/api.w.org\/{rel}","templated":true}]}}