{"id":4860,"date":"2016-07-22T10:31:30","date_gmt":"2016-07-22T13:31:30","guid":{"rendered":"https:\/\/blogs.correiobraziliense.com.br\/cbpoder\/?p=4860"},"modified":"2016-07-22T10:33:35","modified_gmt":"2016-07-22T13:33:35","slug":"da-camara-para-o-cabare","status":"publish","type":"post","link":"https:\/\/blogs.correiobraziliense.com.br\/cbpoder\/da-camara-para-o-cabare\/","title":{"rendered":"Den\u00fancias na sa\u00fade incluem at\u00e9 visita de deputado distrital a cabar\u00e9 de luxo"},"content":{"rendered":"<p>Integrante da CPI da Sa\u00fade, o deputado Cristiano Ara\u00fajo (PSD) acabou sendo alvo de uma das testemunhas gravadas pela presidente do SindSa\u00fade, Marli Rodrigues. Durante mais de uma hora, o ex-subsecret\u00e1rio de Log\u00edstica e Infraestrutura de Sa\u00fade Marcos J\u00fanior explica como funcionou a libera\u00e7\u00e3o irregular de pagamentos, conduzida por outro integrante do governo. O advogado, que era bra\u00e7o direito do ent\u00e3o secret\u00e1rio de Sa\u00fade F\u00e1bio Gondim, diz que Cristiano Ara\u00fajo esteve em S\u00e3o Paulo num cabar\u00e9, com o diretor do Fundo de Sa\u00fade Ricardo Cardoso. O distrital disse que essa cita\u00e7\u00e3o \u00e9 uma mentira. \u201c\u00c9 claro que isso nunca aconteceu\u201d, afirmou \u00e0 coluna.<\/p>\n<p>&nbsp;<br \/>\n<strong>P\u00e9rignon a R$ 5 mil<\/strong><\/p>\n<p><a href=\"https:\/\/blogs.correiobraziliense.com.br\/cbpoder\/wp-content\/uploads\/sites\/5\/2016\/07\/Zeze.jpg\" rel=\"attachment wp-att-4863\"><img loading=\"lazy\" decoding=\"async\" class=\"alignnone size-medium wp-image-4863\" src=\"https:\/\/blogs.correiobraziliense.com.br\/cbpoder\/wp-content\/uploads\/sites\/5\/2016\/07\/Zeze-300x282.jpg\" alt=\"Cr\u00e9dito: Instagram\/Reprodu\u00e7\u00e3o. Zeze Di Camargo\" width=\"300\" height=\"282\" srcset=\"https:\/\/blogs.correiobraziliense.com.br\/cbpoder\/wp-content\/uploads\/sites\/5\/2016\/07\/Zeze-300x282.jpg 300w, https:\/\/blogs.correiobraziliense.com.br\/cbpoder\/wp-content\/uploads\/sites\/5\/2016\/07\/Zeze-768x721.jpg 768w, https:\/\/blogs.correiobraziliense.com.br\/cbpoder\/wp-content\/uploads\/sites\/5\/2016\/07\/Zeze-350x329.jpg 350w, https:\/\/blogs.correiobraziliense.com.br\/cbpoder\/wp-content\/uploads\/sites\/5\/2016\/07\/Zeze-550x516.jpg 550w, https:\/\/blogs.correiobraziliense.com.br\/cbpoder\/wp-content\/uploads\/sites\/5\/2016\/07\/Zeze-230x216.jpg 230w, https:\/\/blogs.correiobraziliense.com.br\/cbpoder\/wp-content\/uploads\/sites\/5\/2016\/07\/Zeze.jpg 800w\" sizes=\"auto, (max-width: 300px) 100vw, 300px\" \/><\/a><br \/>\nPelo relato do ex-subsecret\u00e1rio de Log\u00edstica e Infraestrutura de Sa\u00fade Marcos J\u00fanior, o cabar\u00e9, onde Cristiano Ara\u00fajo e o diretor do Fundo de Sa\u00fade Ricardo Cardoso teriam estado, \u00e9 a boate Scandallo. A casa noturna ficou conhecida depois que o cantor Zez\u00e9 Di Camargo reclamou, pelo Instagram, da conta de R$ 5 mil que teve de pagar por duas garrafas de Dom P\u00e9rignon que tomou com a namorada, Graciele Lacerda. O sertanejo disse que caiu numa pegadinha. Pensou que o local era uma danceteria, mas seria, na verdade, um puteiro, segundo as palavras dele. \u201cN\u00e3o sei como meu nome apareceu nessa hist\u00f3ria. Fa\u00e7o quest\u00e3o de esclarecer\u201d, afirma o deputado Cristiano Ara\u00fajo (PSD).<\/p>\n<p>&nbsp;<br \/>\n<strong>Profissionais<\/strong><br \/>\nNa conversa gravada, Marcos J\u00fanior diz que j\u00e1 esteve na boate Scandallo e que o local \u00e9 frequentado por todo tipo de profissionais. \u201cH\u00e1 ju\u00edza, promotora, advogada, m\u00e9dica&#8230;\u201d<\/p>\n","protected":false},"excerpt":{"rendered":"<p>Integrante da CPI da Sa\u00fade, o deputado Cristiano Ara\u00fajo (PSD) acabou sendo alvo de uma das testemunhas gravadas pela presidente do SindSa\u00fade, Marli Rodrigues. Durante mais de uma hora, o ex-subsecret\u00e1rio de Log\u00edstica e Infraestrutura de Sa\u00fade Marcos J\u00fanior explica como funcionou a libera\u00e7\u00e3o irregular de pagamentos, conduzida por outro integrante do governo. O advogado, que era bra\u00e7o direito do [&hellip;]<\/p>\n","protected":false},"author":9,"featured_media":4861,"comment_status":"open","ping_status":"closed","sticky":false,"template":"","format":"standard","meta":{"footnotes":""},"categories":[234],"tags":[],"class_list":["post-4860","post","type-post","status-publish","format-standard","has-post-thumbnail","hentry","category-cb-poder"],"_links":{"self":[{"href":"https:\/\/blogs.correiobraziliense.com.br\/cbpoder\/wp-json\/wp\/v2\/posts\/4860","targetHints":{"allow":["GET"]}}],"collection":[{"href":"https:\/\/blogs.correiobraziliense.com.br\/cbpoder\/wp-json\/wp\/v2\/posts"}],"about":[{"href":"https:\/\/blogs.correiobraziliense.com.br\/cbpoder\/wp-json\/wp\/v2\/types\/post"}],"author":[{"embeddable":true,"href":"https:\/\/blogs.correiobraziliense.com.br\/cbpoder\/wp-json\/wp\/v2\/users\/9"}],"replies":[{"embeddable":true,"href":"https:\/\/blogs.correiobraziliense.com.br\/cbpoder\/wp-json\/wp\/v2\/comments?post=4860"}],"version-history":[{"count":5,"href":"https:\/\/blogs.correiobraziliense.com.br\/cbpoder\/wp-json\/wp\/v2\/posts\/4860\/revisions"}],"predecessor-version":[{"id":4867,"href":"https:\/\/blogs.correiobraziliense.com.br\/cbpoder\/wp-json\/wp\/v2\/posts\/4860\/revisions\/4867"}],"wp:featuredmedia":[{"embeddable":true,"href":"https:\/\/blogs.correiobraziliense.com.br\/cbpoder\/wp-json\/wp\/v2\/media\/4861"}],"wp:attachment":[{"href":"https:\/\/blogs.correiobraziliense.com.br\/cbpoder\/wp-json\/wp\/v2\/media?parent=4860"}],"wp:term":[{"taxonomy":"category","embeddable":true,"href":"https:\/\/blogs.correiobraziliense.com.br\/cbpoder\/wp-json\/wp\/v2\/categories?post=4860"},{"taxonomy":"post_tag","embeddable":true,"href":"https:\/\/blogs.correiobraziliense.com.br\/cbpoder\/wp-json\/wp\/v2\/tags?post=4860"}],"curies":[{"name":"wp","href":"https:\/\/api.w.org\/{rel}","templated":true}]}}